{"id":28075,"date":"2018-10-30T19:04:23","date_gmt":"2018-10-31T00:04:23","guid":{"rendered":"http:\/\/www.revistazetta.com\/?p=28075"},"modified":"2018-10-30T19:04:23","modified_gmt":"2018-10-31T00:04:23","slug":"armonias-bolivar-interpreta-voy-gozar-tema-oficial-las-fiestas-independencia-2018","status":"publish","type":"post","link":"https:\/\/revistazetta.com\/?p=28075","title":{"rendered":"Armon\u00edas de Bol\u00edvar interpreta \u00abVoy a gozar\u00bb, tema oficial de las Fiestas de Independencia 2018"},"content":{"rendered":"<blockquote><p><b>Este jueves y viernes, conciertos de la banda sabanera Armon\u00edas de Bol\u00edvar<\/b><\/p><\/blockquote>\n<p>La m\u00fasica sabanera se tomar\u00e1 el Centro de la ciudad como pre\u00e1mbulo de la celebraci\u00f3n de las Fiestas de la Independencia de Cartagena.<\/p>\n<p>La banda Armon\u00edas de Bol\u00edvar de la Instituci\u00f3n Universitaria Bellas Artes y Ciencias de Bol\u00edvar (Unibac), una de las bandas sabaneras m\u00e1s representativas del departamento, ser\u00e1 la encargada de animar a los cartageneros y visitantes con dos conciertos abiertos al p\u00fablico, el jueves 1 de noviembre, en la Plaza de La Proclamaci\u00f3n, y el viernes 2 de noviembre, en el Camell\u00f3n de Los M\u00e1rtires, ambos a las 6 de la tarde.<\/p>\n<p>Armon\u00edas de Bol\u00edvar est\u00e1 integrada por 22 m\u00fasicos del Conservatorio de M\u00fasica Adolfo Mej\u00eda de Unibac, que, gracias a su magistral interpretaci\u00f3n de porros y fandangos, ha sido declarada fuera de concurso en numerosos festivales regionales y nacionales.<\/p>\n<p>Recientemente, la banda grab\u00f3 \u201cVoy a Gozar\u201d, canci\u00f3n oficial de las Fiestas de la Independencia de Cartagena 2018, de la autor\u00eda del maestro Jorge Otero Manchego, egresados de Unibac y director de Armon\u00edas de Bol\u00edvar, ganadora de la convocatoria realizada por el Instituto de Patrimonio y Cultura de Cartagena (IPCC).<\/p>\n<p>El maestro Otero es el saxofonista y clarinetista m\u00e1s cotizado en Cartagena, acompa\u00f1a frecuentemente a los artistas internacionales m\u00e1s reconocidos durante sus conciertos en la regi\u00f3n. Es tambi\u00e9n docente del programa profesional de M\u00fasica de Unibac, y una de las promesas del folclor colombiano por su inter\u00e9s en promover la tradici\u00f3n musical de las sabanas con su investigaci\u00f3n, creaci\u00f3n e interpretaci\u00f3n.<\/p>\n<p>Esta actividad hace parte del proyecto \u201cMeloman\u00eda\u201d del \u00e1rea de Proyecci\u00f3n Social de la Instituci\u00f3n Universitaria Bellas Artes y Ciencias de Bol\u00edvar (Unibac) que busca promover los talentos bolivarenses de diferentes g\u00e9neros, especialmente los que se forman en el Conservatorio Adolfo Mej\u00eda; y ofrece una alternativa cultural a la ciudadan\u00eda local, a trav\u00e9s de conciertos abiertos al p\u00fablico.<\/p>\n<p>Pr\u00f3ximamente, Armon\u00edas de Bol\u00edvar lanzar\u00e1 su primer trabajo discogr\u00e1fico titulado \u201cPorro Internacional\u201d con 16 temas.<\/p>\n","protected":false},"excerpt":{"rendered":"<p>Este jueves y viernes, conciertos de la banda sabanera Armon\u00edas de Bol\u00edvar La m\u00fasica sabanera se tomar\u00e1 el Centro de la ciudad como pre\u00e1mbulo de la celebraci\u00f3n de las Fiestas de la Independencia de Cartagena. La banda Armon\u00edas de Bol\u00edvar de la Instituci\u00f3n Universitaria Bellas Artes y Ciencias de Bol\u00edvar (Unibac), una de las bandas sabaneras m\u00e1s representativas del departamento, ser\u00e1 la encargada de animar a los cartageneros y visitantes con dos conciertos abiertos al p\u00fablico, el jueves 1 de noviembre, en la Plaza de La Proclamaci\u00f3n, y el viernes&#8230; <\/p>\n","protected":false},"author":3,"featured_media":28076,"comment_status":"open","ping_status":"closed","sticky":false,"template":"","format":"standard","meta":{"footnotes":"","_links_to":"","_links_to_target":""},"categories":[75,41,43],"tags":[],"class_list":["post-28075","post","type-post","status-publish","format-standard","has-post-thumbnail","hentry","category-destacada","category-cultura","category-cultura-musica"],"_links":{"self":[{"href":"https:\/\/revistazetta.com\/index.php?rest_route=\/wp\/v2\/posts\/28075","targetHints":{"allow":["GET"]}}],"collection":[{"href":"https:\/\/revistazetta.com\/index.php?rest_route=\/wp\/v2\/posts"}],"about":[{"href":"https:\/\/revistazetta.com\/index.php?rest_route=\/wp\/v2\/types\/post"}],"author":[{"embeddable":true,"href":"https:\/\/revistazetta.com\/index.php?rest_route=\/wp\/v2\/users\/3"}],"replies":[{"embeddable":true,"href":"https:\/\/revistazetta.com\/index.php?rest_route=%2Fwp%2Fv2%2Fcomments&post=28075"}],"version-history":[{"count":0,"href":"https:\/\/revistazetta.com\/index.php?rest_route=\/wp\/v2\/posts\/28075\/revisions"}],"wp:featuredmedia":[{"embeddable":true,"href":"https:\/\/revistazetta.com\/index.php?rest_route=\/wp\/v2\/media\/28076"}],"wp:attachment":[{"href":"https:\/\/revistazetta.com\/index.php?rest_route=%2Fwp%2Fv2%2Fmedia&parent=28075"}],"wp:term":[{"taxonomy":"category","embeddable":true,"href":"https:\/\/revistazetta.com\/index.php?rest_route=%2Fwp%2Fv2%2Fcategories&post=28075"},{"taxonomy":"post_tag","embeddable":true,"href":"https:\/\/revistazetta.com\/index.php?rest_route=%2Fwp%2Fv2%2Ftags&post=28075"}],"curies":[{"name":"wp","href":"https:\/\/api.w.org\/{rel}","templated":true}]}}