{"id":28079,"date":"2018-10-31T04:36:13","date_gmt":"2018-10-31T09:36:13","guid":{"rendered":"http:\/\/www.revistazetta.com\/?p=28079"},"modified":"2018-10-31T04:36:13","modified_gmt":"2018-10-31T09:36:13","slug":"avianca-ya-vuela-desde-cartagena-san-salvador","status":"publish","type":"post","link":"https:\/\/revistazetta.com\/?p=28079","title":{"rendered":"Avianca ya vuela desde Cartagena a San Salvador"},"content":{"rendered":"<p>A las 11:55 hora local, de este martes 30 de octubre, lleg\u00f3 al Aeropuerto Internacional Rafael N\u00fa\u00f1ez el avi\u00f3n de Avianca que operar\u00e1 la nueva ruta Cartagena \u2013 San Salvador y viceversa.<\/p>\n<p>Ser\u00e1n 4 frecuencias semanales: martes, jueves, s\u00e1bado y domingo, se convierte en el destino directo n\u00famero 12 con el que cuenta el Aeropuerto.<\/p>\n<p>El vuelo AV371 sali\u00f3 de San Salvador\u00a0 a las 8:25 y aterriz\u00f3 en Cartagena a las 11:55, s\u00f3lo dos horas y media entre una ciudad y otra. El regreso, con el vuelo AV372 saldr\u00e1 de Cartagena a las 16:53 y llegar\u00e1 a San Salvador a las 18:25.<\/p>\n<p>La ruta CTG \u2013 SAL ser\u00e1 operado inicialmente con una aeronave E190 con capacidad para 88 pasajeros en clase econ\u00f3mica y 8 ubicados en clase ejecutiva, para un total de 96 viajeros.<\/p>\n<p>San Salvador \u2013 El Salvador, se suma a los destinos existentes en el Aeropuerto: Atlanta, Fort Lauderdale, Miami, Ciudad de Panam\u00e1, Albrook, Lima, \u00c1msterdam, New York, Toronto, Montreal, y Orlando (iniciar\u00e1 a partir del 10 de noviembre).<\/p>\n<p>\u201cCon la gesti\u00f3n de esta ruta, conectamos a Am\u00e9rica central con Colombia. Adem\u00e1s, ampliamos la oferta de destinos que ofrece el Aeropuerto de Cartagena a nivel internacional. En lo que va corrido del a\u00f1o, son 336,067 los pasajeros internacionales que han elegido a Cartagena como destino final. Esperamos que este porcentaje aumente a\u00fan m\u00e1s con la consolidaci\u00f3n de la ruta CTG \u2013 SAL\u201d expres\u00f3 Mar\u00eda Claudia Gede\u00f3n, gerente de asuntos corporativos de SACSA, administrador del Aeropuerto Rafael N\u00fa\u00f1ez de Cartagena.<\/p>\n<p>SACSA ratifica su compromiso de conectar a Cartagena con el mundo y procurar ser un Aeropuerto con mayores rutas para facilitar la movilidad tanto de colombianos como extranjeros.<\/p>\n","protected":false},"excerpt":{"rendered":"<p>A las 11:55 hora local, de este martes 30 de octubre, lleg\u00f3 al Aeropuerto Internacional Rafael N\u00fa\u00f1ez el avi\u00f3n de Avianca que operar\u00e1 la nueva ruta Cartagena \u2013 San Salvador y viceversa. Ser\u00e1n 4 frecuencias semanales: martes, jueves, s\u00e1bado y domingo, se convierte en el destino directo n\u00famero 12 con el que cuenta el Aeropuerto. El vuelo AV371 sali\u00f3 de San Salvador\u00a0 a las 8:25 y aterriz\u00f3 en Cartagena a las 11:55, s\u00f3lo dos horas y media entre una ciudad y otra. El regreso, con el vuelo AV372 saldr\u00e1 de&#8230; <\/p>\n","protected":false},"author":3,"featured_media":28080,"comment_status":"open","ping_status":"closed","sticky":false,"template":"","format":"standard","meta":{"footnotes":"","_links_to":"","_links_to_target":""},"categories":[3,52],"tags":[],"class_list":["post-28079","post","type-post","status-publish","format-standard","has-post-thumbnail","hentry","category-ciudad","category-puerto"],"_links":{"self":[{"href":"https:\/\/revistazetta.com\/index.php?rest_route=\/wp\/v2\/posts\/28079","targetHints":{"allow":["GET"]}}],"collection":[{"href":"https:\/\/revistazetta.com\/index.php?rest_route=\/wp\/v2\/posts"}],"about":[{"href":"https:\/\/revistazetta.com\/index.php?rest_route=\/wp\/v2\/types\/post"}],"author":[{"embeddable":true,"href":"https:\/\/revistazetta.com\/index.php?rest_route=\/wp\/v2\/users\/3"}],"replies":[{"embeddable":true,"href":"https:\/\/revistazetta.com\/index.php?rest_route=%2Fwp%2Fv2%2Fcomments&post=28079"}],"version-history":[{"count":0,"href":"https:\/\/revistazetta.com\/index.php?rest_route=\/wp\/v2\/posts\/28079\/revisions"}],"wp:featuredmedia":[{"embeddable":true,"href":"https:\/\/revistazetta.com\/index.php?rest_route=\/wp\/v2\/media\/28080"}],"wp:attachment":[{"href":"https:\/\/revistazetta.com\/index.php?rest_route=%2Fwp%2Fv2%2Fmedia&parent=28079"}],"wp:term":[{"taxonomy":"category","embeddable":true,"href":"https:\/\/revistazetta.com\/index.php?rest_route=%2Fwp%2Fv2%2Fcategories&post=28079"},{"taxonomy":"post_tag","embeddable":true,"href":"https:\/\/revistazetta.com\/index.php?rest_route=%2Fwp%2Fv2%2Ftags&post=28079"}],"curies":[{"name":"wp","href":"https:\/\/api.w.org\/{rel}","templated":true}]}}