{"id":28081,"date":"2018-10-31T04:49:56","date_gmt":"2018-10-31T09:49:56","guid":{"rendered":"http:\/\/www.revistazetta.com\/?p=28081"},"modified":"2018-10-31T04:49:56","modified_gmt":"2018-10-31T09:49:56","slug":"cartagena-celebra-la-fiesta-la-tradicion-angeles-somos","status":"publish","type":"post","link":"https:\/\/revistazetta.com\/?p=28081","title":{"rendered":"Cartagena celebra la fiesta y la tradici\u00f3n con \u00ab\u00c1ngeles Somos\u00bb"},"content":{"rendered":"<p>La Alcald\u00eda de Cartagena y el Instituto de Patrimonio y Cultura de Cartagena (IPCC), invitan a la ciudadan\u00eda en general a disfrutar de la programaci\u00f3n cultural y art\u00edstica que traen las Fiestas de Independencia para la semana del 1 al 4 de noviembre.<\/p>\n<p>Con la Celebraci\u00f3n Tradicional \u00c1ngeles Somos, este jueves 1 de noviembre a partir de las 7:00 a.m. la Red Distrital de Bibliotecas articula actividades junto a las localidades y barrios que participan en el Reinado de Independencia, para vivir junto a ni\u00f1os, ni\u00f1as y adultos, esta manifestaci\u00f3n que permite el intercambio generacional y le apuesta a la conservaci\u00f3n de una memoria cultural colectiva.<\/p>\n<p>Ese mismo d\u00eda, desde las 3:00 p.m. el Cabildo \u00c1ngeles Somos, realizar\u00e1 su acostumbrado desfile partiendo del Pedregal tomando la calle de la Media Luna, el Camell\u00f3n de los M\u00e1rtires, Plaza de los Coches y termina con una gala en el Teatro Adolfo Mej\u00eda; un recorrido festivo que llenar\u00e1 las calles del Centro Hist\u00f3rico con la esperanza que solo los m\u00e1s peque\u00f1os saben transmitir con alegr\u00eda.<\/p>\n<p>La noche del 1ro de noviembre contin\u00faa en el Teatro Adolfo Mej\u00eda, donde se llevar\u00e1 a cabo la Elecci\u00f3n de la Reina Comunal a partir de las 7:00 p.m.<\/p>\n<p>El viernes de 2 de noviembre en el Coliseo Norton Madrid desde las 8:00 a.m. se realizar\u00e1 el Festival Escolar de M\u00fasica y Danza Jorge Garc\u00eda Usta.<\/p>\n<p>La Noche de Fantas\u00eda, homenaje a la flora y fauna de los cuerpos de agua de Cartagena, se vivir\u00e1 este viernes 2 de noviembre en la Plaza de la Aduana desde las 7:00 p.m. en un show que promete despertar en el p\u00fablico, a trav\u00e9s de los creativos dise\u00f1os portados por las candidatas del Reinado de Independencia, mayor sentido de pertenencia por el medio ambiente. La cuota musical estar\u00e1 a cargo de Kevin Fl\u00f3rez, Dany Daniel, Big Yamo, Mr Love, Jeivy Dance y Toto D\u00edaz.<\/p>\n<p>El s\u00e1bado 3 de noviembre se realizar\u00e1 el Desfile Noche de Candelas y Jolgorio de Tambores, homenaje a Etelvina Maldonado en las calles del barrio Bruselas, rematando con un concierto en el parque.<\/p>\n<p>Las candidatas del Concurso Nacional de Belleza 2018-2019, recibir\u00e1n las llaves de la ciudad con la presencia de las participantes del Reinado de Independencia, el domingo 4 de noviembre en el Teatro Adolfo Mej\u00eda a partir de las 7:00 p.m.<\/p>\n<p>\u201c\u00a1Resuena Cartagena, resuenan nuestras Fiestas de Independencia! Invitamos a todos los cartageneros a que se unan a esta agenda festiva donde nuestra historia resuena con el folclor y la alegr\u00eda de nuestras fiestas\u201d, se\u00f1al\u00f3 Iv\u00e1n Sanes, director del IPCC.<\/p>\n","protected":false},"excerpt":{"rendered":"<p>La Alcald\u00eda de Cartagena y el Instituto de Patrimonio y Cultura de Cartagena (IPCC), invitan a la ciudadan\u00eda en general a disfrutar de la programaci\u00f3n cultural y art\u00edstica que traen las Fiestas de Independencia para la semana del 1 al 4 de noviembre. Con la Celebraci\u00f3n Tradicional \u00c1ngeles Somos, este jueves 1 de noviembre a partir de las 7:00 a.m. la Red Distrital de Bibliotecas articula actividades junto a las localidades y barrios que participan en el Reinado de Independencia, para vivir junto a ni\u00f1os, ni\u00f1as y adultos, esta manifestaci\u00f3n&#8230; <\/p>\n","protected":false},"author":3,"featured_media":28082,"comment_status":"open","ping_status":"closed","sticky":false,"template":"","format":"standard","meta":{"footnotes":"","_links_to":"","_links_to_target":""},"categories":[41,75],"tags":[],"class_list":["post-28081","post","type-post","status-publish","format-standard","has-post-thumbnail","hentry","category-cultura","category-destacada"],"_links":{"self":[{"href":"https:\/\/revistazetta.com\/index.php?rest_route=\/wp\/v2\/posts\/28081","targetHints":{"allow":["GET"]}}],"collection":[{"href":"https:\/\/revistazetta.com\/index.php?rest_route=\/wp\/v2\/posts"}],"about":[{"href":"https:\/\/revistazetta.com\/index.php?rest_route=\/wp\/v2\/types\/post"}],"author":[{"embeddable":true,"href":"https:\/\/revistazetta.com\/index.php?rest_route=\/wp\/v2\/users\/3"}],"replies":[{"embeddable":true,"href":"https:\/\/revistazetta.com\/index.php?rest_route=%2Fwp%2Fv2%2Fcomments&post=28081"}],"version-history":[{"count":0,"href":"https:\/\/revistazetta.com\/index.php?rest_route=\/wp\/v2\/posts\/28081\/revisions"}],"wp:featuredmedia":[{"embeddable":true,"href":"https:\/\/revistazetta.com\/index.php?rest_route=\/wp\/v2\/media\/28082"}],"wp:attachment":[{"href":"https:\/\/revistazetta.com\/index.php?rest_route=%2Fwp%2Fv2%2Fmedia&parent=28081"}],"wp:term":[{"taxonomy":"category","embeddable":true,"href":"https:\/\/revistazetta.com\/index.php?rest_route=%2Fwp%2Fv2%2Fcategories&post=28081"},{"taxonomy":"post_tag","embeddable":true,"href":"https:\/\/revistazetta.com\/index.php?rest_route=%2Fwp%2Fv2%2Ftags&post=28081"}],"curies":[{"name":"wp","href":"https:\/\/api.w.org\/{rel}","templated":true}]}}