{"id":28083,"date":"2018-10-31T04:55:40","date_gmt":"2018-10-31T09:55:40","guid":{"rendered":"http:\/\/www.revistazetta.com\/?p=28083"},"modified":"2018-10-31T04:55:40","modified_gmt":"2018-10-31T09:55:40","slug":"mesa-dialogo-campesinado-la-gobernacion-bolivar","status":"publish","type":"post","link":"https:\/\/revistazetta.com\/?p=28083","title":{"rendered":"Mesa de di\u00e1logo con el campesinado en la Gobernaci\u00f3n de Bol\u00edvar"},"content":{"rendered":"<p>Luego de recibir el Centro Administrativo Departamental (CAD) de la Gobernaci\u00f3n de Bol\u00edvar a representantes de la marcha campesina proveniente de los Montes de Mar\u00eda, con quienes este martes se produjo un acercamiento pac\u00edfico y concertado, el gobernador de Bol\u00edvar, Dumek Turbay Paz, iniciar\u00e1 este mi\u00e9rcoles una mesa formal de di\u00e1logos con esta comunidad con el fin de escuchar sus peticiones y buscarles soluciones de la mano con las Alcald\u00edas municipales de San Jacinto, Mahates, El Carmen de Bol\u00edvar, Mahates y la Unidad para las V\u00edctimas.<\/p>\n<p>De acuerdo con el gobernador de Bol\u00edvar, Dumek Turbay Paz, el prop\u00f3sito es que se logre un acuerdo en aspectos como infraestructura y salud, entre otros, que ser\u00e1n conversados en mesa establecida en el Sal\u00f3n de la Paz, del CAD de Turbaco.<\/p>\n<p>En este mesa se contar\u00e1 con la presencia de garantes de la Procuradur\u00eda y Defensor\u00eda del Pueblo, entre otros, con el acompa\u00f1amiento de todo el gabinete de la Administraci\u00f3n Departamental.<\/p>\n<p>Con el fin de garantizar condiciones dignas para la comunidad campesina marchante, la Gobernaci\u00f3n de Bol\u00edvar dispuso puntos permanentes de hidrataci\u00f3n, ba\u00f1os port\u00e1tiles, cuatro ambulancias en compa\u00f1\u00eda de personal de la Secretar\u00eda de Salud, adem\u00e1s de alimentaci\u00f3n.<\/p>\n<p>&nbsp;<\/p>\n","protected":false},"excerpt":{"rendered":"<p>Luego de recibir el Centro Administrativo Departamental (CAD) de la Gobernaci\u00f3n de Bol\u00edvar a representantes de la marcha campesina proveniente de los Montes de Mar\u00eda, con quienes este martes se produjo un acercamiento pac\u00edfico y concertado, el gobernador de Bol\u00edvar, Dumek Turbay Paz, iniciar\u00e1 este mi\u00e9rcoles una mesa formal de di\u00e1logos con esta comunidad con el fin de escuchar sus peticiones y buscarles soluciones de la mano con las Alcald\u00edas municipales de San Jacinto, Mahates, El Carmen de Bol\u00edvar, Mahates y la Unidad para las V\u00edctimas. De acuerdo con el&#8230; <\/p>\n","protected":false},"author":3,"featured_media":28084,"comment_status":"open","ping_status":"closed","sticky":false,"template":"","format":"standard","meta":{"footnotes":"","_links_to":"","_links_to_target":""},"categories":[75,80],"tags":[],"class_list":["post-28083","post","type-post","status-publish","format-standard","has-post-thumbnail","hentry","category-destacada","category-region"],"_links":{"self":[{"href":"https:\/\/revistazetta.com\/index.php?rest_route=\/wp\/v2\/posts\/28083","targetHints":{"allow":["GET"]}}],"collection":[{"href":"https:\/\/revistazetta.com\/index.php?rest_route=\/wp\/v2\/posts"}],"about":[{"href":"https:\/\/revistazetta.com\/index.php?rest_route=\/wp\/v2\/types\/post"}],"author":[{"embeddable":true,"href":"https:\/\/revistazetta.com\/index.php?rest_route=\/wp\/v2\/users\/3"}],"replies":[{"embeddable":true,"href":"https:\/\/revistazetta.com\/index.php?rest_route=%2Fwp%2Fv2%2Fcomments&post=28083"}],"version-history":[{"count":0,"href":"https:\/\/revistazetta.com\/index.php?rest_route=\/wp\/v2\/posts\/28083\/revisions"}],"wp:featuredmedia":[{"embeddable":true,"href":"https:\/\/revistazetta.com\/index.php?rest_route=\/wp\/v2\/media\/28084"}],"wp:attachment":[{"href":"https:\/\/revistazetta.com\/index.php?rest_route=%2Fwp%2Fv2%2Fmedia&parent=28083"}],"wp:term":[{"taxonomy":"category","embeddable":true,"href":"https:\/\/revistazetta.com\/index.php?rest_route=%2Fwp%2Fv2%2Fcategories&post=28083"},{"taxonomy":"post_tag","embeddable":true,"href":"https:\/\/revistazetta.com\/index.php?rest_route=%2Fwp%2Fv2%2Ftags&post=28083"}],"curies":[{"name":"wp","href":"https:\/\/api.w.org\/{rel}","templated":true}]}}