{"id":28085,"date":"2018-10-31T05:02:39","date_gmt":"2018-10-31T10:02:39","guid":{"rendered":"http:\/\/www.revistazetta.com\/?p=28085"},"modified":"2018-10-31T05:03:18","modified_gmt":"2018-10-31T10:03:18","slug":"inicio-acciones-cai-ambiental-del-ecobloque","status":"publish","type":"post","link":"https:\/\/revistazetta.com\/?p=28085","title":{"rendered":"Inici\u00f3 acciones CAI Ambiental del Ecobloque"},"content":{"rendered":"<p>Con tres veh\u00edculos y 6 agentes que apoyar\u00e1n al equipo interdisciplinario que integran el Ecobloque, el alcalde Pedrito Pereira Caballero puso al servicio de la ciudad un CAI m\u00f3vil ambiental, cuya funci\u00f3n principal es la protecci\u00f3n de la Ci\u00e9naga de la Virgen y sus ecosistemas.<br \/>\nTambi\u00e9n servir\u00e1 de apoyo a la seguridad de los ciclistas que se movilizan por la V\u00eda al Mar y de los habitantes de la Zona Norte.<br \/>\n\u201cNos comprometimos que antes del 30 de octubre estaba un CAI Ambiental en zona de La Bocana y hoy es un hecho. Se hicieron todos los esfuerzos con la movilidad. Aqu\u00ed est\u00e1n tres veh\u00edculos, y pr\u00f3ximamente el Epa Cartagena tendr\u00e1 una embarcaci\u00f3n para la vigilancia acu\u00e1tica\u201d, manifest\u00f3 el mandatario.<br \/>\nSeg\u00fan el Alcalde, los principales delitos ambientales que se presentan en la ciudad son la tala de mangles, el arrojo de escombros en la Ci\u00e9naga y el uso de estos ecosistemas para el microtr\u00e1fico.<br \/>\nEl coronel Boris Albor, subcomandante de la Polic\u00eda Metropolitana, explic\u00f3 que el CAI M\u00f3vil Ambiental operar\u00e1 en turnos diferentes a los habituales para no se convierta en rutina el servicio, \u201cporque hay informaci\u00f3n de inteligencia, que dice que se mueven en la madrugada y el servicio policial estar\u00e1 en diferentes turnos de vigilancia policial y estar\u00e1 bajo el mando del comandante de la Polic\u00eda Ambiental en Cartagena\u201d.<br \/>\nEl director del Epa Cartagena, \u00c1lvaro Vargas, destac\u00f3 que de manera conjunta Cardique y Epa Cartagena estar\u00e1n trabajando, cada uno desde sus competencias, con el CAI M\u00f3vil Ecobloque, haciendo operativos en las construcciones y en las volquetas que transportan escombros que lo disponen en la Ci\u00e9naga. \u201cLa idea es controlar todo este material.<br \/>\nEl Ecobloque naci\u00f3 bajo el liderazgo del alcalde Pedrito Pereira, para proteger la Ci\u00e9naga de la Virgen y est\u00e1 integrado por Cardique, Epa Cartagena, Secretar\u00eda del Interior, Instituto Geogr\u00e1fico Agust\u00edn Codazzi, Fiscal\u00eda, CTI, Polic\u00eda, Instrumentos P\u00fablicos, Curadur\u00edas, Asonal.<br \/>\nComunicado 201<\/p>\n","protected":false},"excerpt":{"rendered":"<p>Con tres veh\u00edculos y 6 agentes que apoyar\u00e1n al equipo interdisciplinario que integran el Ecobloque, el alcalde Pedrito Pereira Caballero puso al servicio de la ciudad un CAI m\u00f3vil ambiental, cuya funci\u00f3n principal es la protecci\u00f3n de la Ci\u00e9naga de la Virgen y sus ecosistemas. Tambi\u00e9n servir\u00e1 de apoyo a la seguridad de los ciclistas que se movilizan por la V\u00eda al Mar y de los habitantes de la Zona Norte. \u201cNos comprometimos que antes del 30 de octubre estaba un CAI Ambiental en zona de La Bocana y hoy&#8230; <\/p>\n","protected":false},"author":3,"featured_media":28086,"comment_status":"open","ping_status":"closed","sticky":false,"template":"","format":"standard","meta":{"footnotes":"","_links_to":"","_links_to_target":""},"categories":[75,85,32],"tags":[],"class_list":["post-28085","post","type-post","status-publish","format-standard","has-post-thumbnail","hentry","category-destacada","category-cartagena","category-actualidad-distrito"],"_links":{"self":[{"href":"https:\/\/revistazetta.com\/index.php?rest_route=\/wp\/v2\/posts\/28085","targetHints":{"allow":["GET"]}}],"collection":[{"href":"https:\/\/revistazetta.com\/index.php?rest_route=\/wp\/v2\/posts"}],"about":[{"href":"https:\/\/revistazetta.com\/index.php?rest_route=\/wp\/v2\/types\/post"}],"author":[{"embeddable":true,"href":"https:\/\/revistazetta.com\/index.php?rest_route=\/wp\/v2\/users\/3"}],"replies":[{"embeddable":true,"href":"https:\/\/revistazetta.com\/index.php?rest_route=%2Fwp%2Fv2%2Fcomments&post=28085"}],"version-history":[{"count":0,"href":"https:\/\/revistazetta.com\/index.php?rest_route=\/wp\/v2\/posts\/28085\/revisions"}],"wp:featuredmedia":[{"embeddable":true,"href":"https:\/\/revistazetta.com\/index.php?rest_route=\/wp\/v2\/media\/28086"}],"wp:attachment":[{"href":"https:\/\/revistazetta.com\/index.php?rest_route=%2Fwp%2Fv2%2Fmedia&parent=28085"}],"wp:term":[{"taxonomy":"category","embeddable":true,"href":"https:\/\/revistazetta.com\/index.php?rest_route=%2Fwp%2Fv2%2Fcategories&post=28085"},{"taxonomy":"post_tag","embeddable":true,"href":"https:\/\/revistazetta.com\/index.php?rest_route=%2Fwp%2Fv2%2Ftags&post=28085"}],"curies":[{"name":"wp","href":"https:\/\/api.w.org\/{rel}","templated":true}]}}