{"id":28087,"date":"2018-10-31T05:09:38","date_gmt":"2018-10-31T10:09:38","guid":{"rendered":"http:\/\/www.revistazetta.com\/?p=28087"},"modified":"2018-10-31T05:09:38","modified_gmt":"2018-10-31T10:09:38","slug":"prorrogan-calamidad-publica-proteccion-costera-laguito-marbella","status":"publish","type":"post","link":"https:\/\/revistazetta.com\/?p=28087","title":{"rendered":"Prorrogan calamidad p\u00fablica para protecci\u00f3n costera Laguito-Marbella"},"content":{"rendered":"<p>En Comit\u00e9 Distrital de Gesti\u00f3n de Riesgo fue aprobada la pr\u00f3rroga de calamidad p\u00fablica por seis meses m\u00e1s, para facilitar contrataci\u00f3n y ejecuci\u00f3n del proyecto de protecci\u00f3n costera Laguito _ Marbella.<br \/>\nEsta decisi\u00f3n fue adoptada para continuar con los tr\u00e1mites de este macro proyecto que proteger\u00e1 a la ciudad de la erosi\u00f3n costera y los efectos del cambio clim\u00e1tico.<br \/>\n\u00abEn la reuni\u00f3n del Comit\u00e9 de Gesti\u00f3n de Riesgo, previo a la decisi\u00f3n adoptada,\u00a0 fue presentado un informe de los avances de protecci\u00f3n costera, los tr\u00e1mites que se vienen realizando frente al Anla, Dimar, Unidad Nacional para la Gesti\u00f3n de Riesgo de Desastres, y hemos tomado la decisi\u00f3n de prorrogar la calamidad p\u00fablica\u00bb, explic\u00f3 el alcalde, Pedrito Pereira.<br \/>\nCon los vendedores informales de la playa de Bocagrande del \u00e1rea de influencia del proyecto se realizan mesas de trabajo para actualizar la base de datos del censo, y se est\u00e1 a la espera del permiso de intervenci\u00f3n de la zona de bajamar por parte de Dimar, uno de los \u00faltimos requisitos que faltan para que la Unidad de Gesti\u00f3n de Riesgo de Desastre proceda a contratar la obra.<\/p>\n","protected":false},"excerpt":{"rendered":"<p>En Comit\u00e9 Distrital de Gesti\u00f3n de Riesgo fue aprobada la pr\u00f3rroga de calamidad p\u00fablica por seis meses m\u00e1s, para facilitar contrataci\u00f3n y ejecuci\u00f3n del proyecto de protecci\u00f3n costera Laguito _ Marbella. Esta decisi\u00f3n fue adoptada para continuar con los tr\u00e1mites de este macro proyecto que proteger\u00e1 a la ciudad de la erosi\u00f3n costera y los efectos del cambio clim\u00e1tico. \u00abEn la reuni\u00f3n del Comit\u00e9 de Gesti\u00f3n de Riesgo, previo a la decisi\u00f3n adoptada,\u00a0 fue presentado un informe de los avances de protecci\u00f3n costera, los tr\u00e1mites que se vienen realizando frente&#8230; <\/p>\n","protected":false},"author":3,"featured_media":28088,"comment_status":"open","ping_status":"closed","sticky":false,"template":"","format":"standard","meta":{"footnotes":"","_links_to":"","_links_to_target":""},"categories":[32],"tags":[],"class_list":["post-28087","post","type-post","status-publish","format-standard","has-post-thumbnail","hentry","category-actualidad-distrito"],"_links":{"self":[{"href":"https:\/\/revistazetta.com\/index.php?rest_route=\/wp\/v2\/posts\/28087","targetHints":{"allow":["GET"]}}],"collection":[{"href":"https:\/\/revistazetta.com\/index.php?rest_route=\/wp\/v2\/posts"}],"about":[{"href":"https:\/\/revistazetta.com\/index.php?rest_route=\/wp\/v2\/types\/post"}],"author":[{"embeddable":true,"href":"https:\/\/revistazetta.com\/index.php?rest_route=\/wp\/v2\/users\/3"}],"replies":[{"embeddable":true,"href":"https:\/\/revistazetta.com\/index.php?rest_route=%2Fwp%2Fv2%2Fcomments&post=28087"}],"version-history":[{"count":0,"href":"https:\/\/revistazetta.com\/index.php?rest_route=\/wp\/v2\/posts\/28087\/revisions"}],"wp:featuredmedia":[{"embeddable":true,"href":"https:\/\/revistazetta.com\/index.php?rest_route=\/wp\/v2\/media\/28088"}],"wp:attachment":[{"href":"https:\/\/revistazetta.com\/index.php?rest_route=%2Fwp%2Fv2%2Fmedia&parent=28087"}],"wp:term":[{"taxonomy":"category","embeddable":true,"href":"https:\/\/revistazetta.com\/index.php?rest_route=%2Fwp%2Fv2%2Fcategories&post=28087"},{"taxonomy":"post_tag","embeddable":true,"href":"https:\/\/revistazetta.com\/index.php?rest_route=%2Fwp%2Fv2%2Ftags&post=28087"}],"curies":[{"name":"wp","href":"https:\/\/api.w.org\/{rel}","templated":true}]}}