{"id":28090,"date":"2018-10-31T06:28:47","date_gmt":"2018-10-31T11:28:47","guid":{"rendered":"http:\/\/www.revistazetta.com\/?p=28090"},"modified":"2018-10-31T06:30:00","modified_gmt":"2018-10-31T11:30:00","slug":"asombro-juridico-decision-primera-instancia-dejaria-sin-curul-oscar-marin","status":"publish","type":"post","link":"https:\/\/revistazetta.com\/?p=28090","title":{"rendered":"Asombro jur\u00eddico por fallo en primera instancia que dejar\u00eda sin curul a \u00d3scar Mar\u00edn"},"content":{"rendered":"<p>Tanto el presidente del Concejo, Wilson Toncel Ochoa, como el concejal \u00d3scar Mar\u00edn, mostraron su asombro por la decisi\u00f3n del Tribunal Administrativo de Bol\u00edvar que anul\u00f3 la resoluci\u00f3n que le permiti\u00f3 a \u00e9ste llegar a la corporaci\u00f3n.<\/p>\n<p>El concejal por el partido Conservador, \u00d3scar Mar\u00edn Villalba, dijo que se encuentra a la espera de notificaci\u00f3n del fallo proferido por el Tribunal Administrativo de Bolivar. \u00abNo he sido notificado personalmente, le comuniqu\u00e9 a mi abogado que lleva el caso y efectivamente pudo evidenciar que el fallo a\u00fan no ha salido, estoy a la espera de la publicaci\u00f3n para notificarme\u00bb , expres\u00f3 el cabildante.<\/p>\n<p>\u00abPresentaremos los recursos de ley frente a la providencia emitida, puesto que consideramos que la resoluci\u00f3n anulada en primera instancia se encuentra conforme a la ley y a la orden emitida por el mismo Tribunal Administrativo de Bol\u00edvar, que declar\u00f3 el 17 de febrero de 2017 la nulidad del formulario E-26 del 3 de diciembre y expedido por la Comisi\u00f3n Escrutadora Departamental de Bol\u00edvar, que declar\u00f3 la elecci\u00f3n de los concejales de Cartagena para el periodo constitucional 2016-2019, pero \u00fanicamente en cuanto a la elecci\u00f3n de Jorge Useche Correa\u00bb., dijo Toncel, quien agreg\u00f3 que esa decisi\u00f3n orden\u00f3 cancelar la credencial del Useche Correa. Asegur\u00f3 que esa decisi\u00f3n fue confirmada por el Consejo de Estado.<\/p>\n<p>\u00abEl Tribunal aclara, ahora, a qu\u00e9 se refer\u00eda al utilizar el t\u00e9rmino \u201chabilitado\u201d, limit\u00e1ndolo \u00fanicamente al hecho de existir o no una inhabilidad de las que vienen contempladas en la ley, para ocupar la curul como concejal, olvidando que exist\u00eda un impedimento f\u00edsico que no le permit\u00eda al concejal Useche Correa ingresar al Concejo o aceptar la convocatoria que se le hiciere, puesto que sobre \u00e9l reca\u00eda una medida de aseguramiento intramural\u00bb, expres\u00f3 Toncel.<\/p>\n<p>El Tribunal Administrativo acogi\u00f3 los argumentos del demandante, Alfonso Morales Angulo, en contra de la elecci\u00f3n de Mar\u00edn.<\/p>\n<p>Para el demandante \u201cel actuar del Concejo, al nombrar a otra persona (Mar\u00edn), del orden de elegibilidad constituye un actuar doloso y una desviaci\u00f3n de poder\u201d.<\/p>\n<p>De acuerdo al fallo, a pesar de que Jorge Useche Correa afronta una investigaci\u00f3n por prevaricato y cohecho, por presuntas irregularidades en la elecci\u00f3n de Nubia Fontalvo como contralora en 2016, \u201ceste no est\u00e1 inhabilitado\u201d para ocupar el cargo, ya que no ha sido condenado por estos hechos a\u00fan. Useche estuvo detenido con medida de aseguramiento en la c\u00e1rcel de Sabanalarga por m\u00e1s de un a\u00f1o. A pesar de eso, su abogado, reclama que sigue siendo Useche el sexto en la lista de elegibilidad del partido Conservador, ya que a pesar de una decisi\u00f3n del Tribunal de anular 6 votos obtenidos por Useche, quedaron como v\u00e1lidos 4.635 votos, frente a 4.246 votos que obtuvo Mar\u00edn Villalba.<\/p>\n","protected":false},"excerpt":{"rendered":"<p>Tanto el presidente del Concejo, Wilson Toncel Ochoa, como el concejal \u00d3scar Mar\u00edn, mostraron su asombro por la decisi\u00f3n del Tribunal Administrativo de Bol\u00edvar que anul\u00f3 la resoluci\u00f3n que le permiti\u00f3 a \u00e9ste llegar a la corporaci\u00f3n. El concejal por el partido Conservador, \u00d3scar Mar\u00edn Villalba, dijo que se encuentra a la espera de notificaci\u00f3n del fallo proferido por el Tribunal Administrativo de Bolivar. \u00abNo he sido notificado personalmente, le comuniqu\u00e9 a mi abogado que lleva el caso y efectivamente pudo evidenciar que el fallo a\u00fan no ha salido, estoy&#8230; <\/p>\n","protected":false},"author":3,"featured_media":28091,"comment_status":"open","ping_status":"closed","sticky":false,"template":"","format":"standard","meta":{"footnotes":"","_links_to":"","_links_to_target":""},"categories":[75,27,4],"tags":[],"class_list":["post-28090","post","type-post","status-publish","format-standard","has-post-thumbnail","hentry","category-destacada","category-politicaconcejo","category-politica"],"_links":{"self":[{"href":"https:\/\/revistazetta.com\/index.php?rest_route=\/wp\/v2\/posts\/28090","targetHints":{"allow":["GET"]}}],"collection":[{"href":"https:\/\/revistazetta.com\/index.php?rest_route=\/wp\/v2\/posts"}],"about":[{"href":"https:\/\/revistazetta.com\/index.php?rest_route=\/wp\/v2\/types\/post"}],"author":[{"embeddable":true,"href":"https:\/\/revistazetta.com\/index.php?rest_route=\/wp\/v2\/users\/3"}],"replies":[{"embeddable":true,"href":"https:\/\/revistazetta.com\/index.php?rest_route=%2Fwp%2Fv2%2Fcomments&post=28090"}],"version-history":[{"count":0,"href":"https:\/\/revistazetta.com\/index.php?rest_route=\/wp\/v2\/posts\/28090\/revisions"}],"wp:featuredmedia":[{"embeddable":true,"href":"https:\/\/revistazetta.com\/index.php?rest_route=\/wp\/v2\/media\/28091"}],"wp:attachment":[{"href":"https:\/\/revistazetta.com\/index.php?rest_route=%2Fwp%2Fv2%2Fmedia&parent=28090"}],"wp:term":[{"taxonomy":"category","embeddable":true,"href":"https:\/\/revistazetta.com\/index.php?rest_route=%2Fwp%2Fv2%2Fcategories&post=28090"},{"taxonomy":"post_tag","embeddable":true,"href":"https:\/\/revistazetta.com\/index.php?rest_route=%2Fwp%2Fv2%2Ftags&post=28090"}],"curies":[{"name":"wp","href":"https:\/\/api.w.org\/{rel}","templated":true}]}}