{"id":28093,"date":"2018-10-31T07:41:20","date_gmt":"2018-10-31T12:41:20","guid":{"rendered":"http:\/\/www.revistazetta.com\/?p=28093"},"modified":"2018-10-31T07:45:07","modified_gmt":"2018-10-31T12:45:07","slug":"elecciones-camara-comercio-nuevo-rumbo","status":"publish","type":"post","link":"https:\/\/revistazetta.com\/?p=28093","title":{"rendered":"Elecciones en C\u00e1mara de Comercio para fijar un nuevo rumbo"},"content":{"rendered":"<p>Este 31 de octubre se cierra el plazo de inscripciones para candidatos a la Junta Directiva de la C\u00e1mara de Comercio de Cartagena, cuya elecci\u00f3n est\u00e1 prevista para el 6 de diciembre.<\/p>\n<p>Todo apunta a que habr\u00e1 una tendencia mayoritaria en las listas para plantear un nuevo rumbo a la entidad, al caer en desgaste y desconfianza el mandato que la actual Junta Directiva en su mayor\u00eda le confiri\u00f3 a la presidenta ejecutiva Mar\u00eda Claudia P\u00e1ez.<\/p>\n<p>Algunos consultados indicaron que caus\u00f3 desaz\u00f3n que la mayor\u00eda de la Junta que respalda a P\u00e1ez le haya prohijado desaciertos conceptuales, como una equivocada priorizaci\u00f3n de los asuntos camerales, y una preferencia inexplicable a propuestas ex\u00f3genas, en dem\u00e9rito de los afiliados cartageneros.<\/p>\n<p>Expresan que el ambiente no es de unidad plena, y que decisiones como las de \u201cChambac\u00fa Cabaret\u201d, sin haber aclarado el antecedente de la \u201cCarpa La Fant\u00e1stica\u201d, donde se invirtieron $800 millones sin resultado a la vista, acrecientan el descontento de muchos comerciantes.<\/p>\n<p>No obstante, hay un sector de la Junta Directiva de la C\u00e1mara de Comercio que respalda la gesti\u00f3n de Mar\u00eda Claudia P\u00e1ez, y expresa que los se\u00f1alamientos son infundados, pues la entidad ha repuntado en su imagen ante la ciudad, y ha apuntalado importantes programas de beneficio para la ciudad y la entidad.<\/p>\n<p>Conozca aqu\u00ed el listado de los Afiliados Aptos para elegir y ser elegidos.<\/p>\n<p><a href=\"https:\/\/cccartagena.org.co\/sites\/default\/files\/publicaciones\/listado_para_publicar.pdf\" target=\"_blank\" rel=\"noopener\">https:\/\/cccartagena.org.co\/sites\/default\/files\/publicaciones\/listado_para_publicar.pdf<\/a><\/p>\n","protected":false},"excerpt":{"rendered":"<p>Este 31 de octubre se cierra el plazo de inscripciones para candidatos a la Junta Directiva de la C\u00e1mara de Comercio de Cartagena, cuya elecci\u00f3n est\u00e1 prevista para el 6 de diciembre. Todo apunta a que habr\u00e1 una tendencia mayoritaria en las listas para plantear un nuevo rumbo a la entidad, al caer en desgaste y desconfianza el mandato que la actual Junta Directiva en su mayor\u00eda le confiri\u00f3 a la presidenta ejecutiva Mar\u00eda Claudia P\u00e1ez. Algunos consultados indicaron que caus\u00f3 desaz\u00f3n que la mayor\u00eda de la Junta que respalda&#8230; <\/p>\n","protected":false},"author":3,"featured_media":28094,"comment_status":"open","ping_status":"closed","sticky":false,"template":"","format":"standard","meta":{"footnotes":"","_links_to":"","_links_to_target":""},"categories":[3,50],"tags":[],"class_list":["post-28093","post","type-post","status-publish","format-standard","has-post-thumbnail","hentry","category-ciudad","category-empresa"],"_links":{"self":[{"href":"https:\/\/revistazetta.com\/index.php?rest_route=\/wp\/v2\/posts\/28093","targetHints":{"allow":["GET"]}}],"collection":[{"href":"https:\/\/revistazetta.com\/index.php?rest_route=\/wp\/v2\/posts"}],"about":[{"href":"https:\/\/revistazetta.com\/index.php?rest_route=\/wp\/v2\/types\/post"}],"author":[{"embeddable":true,"href":"https:\/\/revistazetta.com\/index.php?rest_route=\/wp\/v2\/users\/3"}],"replies":[{"embeddable":true,"href":"https:\/\/revistazetta.com\/index.php?rest_route=%2Fwp%2Fv2%2Fcomments&post=28093"}],"version-history":[{"count":0,"href":"https:\/\/revistazetta.com\/index.php?rest_route=\/wp\/v2\/posts\/28093\/revisions"}],"wp:featuredmedia":[{"embeddable":true,"href":"https:\/\/revistazetta.com\/index.php?rest_route=\/wp\/v2\/media\/28094"}],"wp:attachment":[{"href":"https:\/\/revistazetta.com\/index.php?rest_route=%2Fwp%2Fv2%2Fmedia&parent=28093"}],"wp:term":[{"taxonomy":"category","embeddable":true,"href":"https:\/\/revistazetta.com\/index.php?rest_route=%2Fwp%2Fv2%2Fcategories&post=28093"},{"taxonomy":"post_tag","embeddable":true,"href":"https:\/\/revistazetta.com\/index.php?rest_route=%2Fwp%2Fv2%2Ftags&post=28093"}],"curies":[{"name":"wp","href":"https:\/\/api.w.org\/{rel}","templated":true}]}}