{"id":28101,"date":"2018-10-31T10:19:40","date_gmt":"2018-10-31T15:19:40","guid":{"rendered":"http:\/\/www.revistazetta.com\/?p=28101"},"modified":"2018-10-31T10:23:13","modified_gmt":"2018-10-31T15:23:13","slug":"darles-la-mano-campesinos-dumek","status":"publish","type":"post","link":"https:\/\/revistazetta.com\/?p=28101","title":{"rendered":"\u201cLes daremos la mano a nuestros campesinos\u201d: Dumek"},"content":{"rendered":"<p>El gobernador Dumek Turbay abri\u00f3 las puertas de la Gobernaci\u00f3n de Bol\u00edvar para los campesinos que llegaron en una marcha, y los congreg\u00f3 en el \u201cSal\u00f3n de la Paz\u201d para dialogar sobre las reclamaciones que tienen, acumuladas por a\u00f1os y a\u00f1os.<\/p>\n<p>\u201cLa impronta de este gobierno es gobernar con el o\u00eddo, escuchar a las comunidades, y saber que no podemos resolver todos los problemas de tantos a\u00f1os, pero seguramente despu\u00e9s de este ejercicio de di\u00e1logo podremos resolver muchos de ellos\u201d, dijo.<\/p>\n<p><img loading=\"lazy\" decoding=\"async\" class=\"alignright wp-image-28107 size-full\" src=\"https:\/\/www.revistazetta.com\/wp-content\/uploads\/2018\/10\/PHOTO-2018-10-31-10-04-22.jpg\" alt=\"\" width=\"768\" height=\"480\" srcset=\"https:\/\/revistazetta.com\/wp-content\/uploads\/2018\/10\/PHOTO-2018-10-31-10-04-22.jpg 768w, https:\/\/revistazetta.com\/wp-content\/uploads\/2018\/10\/PHOTO-2018-10-31-10-04-22-300x188.jpg 300w, https:\/\/revistazetta.com\/wp-content\/uploads\/2018\/10\/PHOTO-2018-10-31-10-04-22-234x146.jpg 234w, https:\/\/revistazetta.com\/wp-content\/uploads\/2018\/10\/PHOTO-2018-10-31-10-04-22-50x31.jpg 50w, https:\/\/revistazetta.com\/wp-content\/uploads\/2018\/10\/PHOTO-2018-10-31-10-04-22-120x75.jpg 120w\" sizes=\"auto, (max-width: 768px) 100vw, 768px\" \/>Los campesinos tienen reclamaciones de distintos \u00f3rdenes, como salud, educaci\u00f3n, acceso vial, comercializaci\u00f3n de productos, seguridad, entre otros.<\/p>\n<p>Seg\u00fan Turbay Paz, las puertas de la Gobernaci\u00f3n seguir\u00e1n abiertas por el tiempo que sea necesario, hasta que se llegue a un acuerdo sobre las reclamaciones.<\/p>\n<p>Se ha previsto un gran operativo humanitario, para que los campesinos encuentren condiciones dignas mientras permanecen en la mesa de di\u00e1logo.<\/p>\n<p>\u201cEl campesino nuestro tiene toda la raz\u00f3n en reclamar apoyo, son a\u00f1os y a\u00f1os de olvido, y hoy hemos hecho una gran inversi\u00f3n en Bol\u00edvar, pero las necesidades superan la inversi\u00f3n. Queremos hacer un gran concurso de entidades y esfuerzos para que de manera coordinada y efectiva responderle a ellos. Vamos a hacer un acuerdo de trabajo y que al pararse de esta mesa queden complacidos y con la confianza de que vamos a cumplir\u201d, explic\u00f3 el gobernador de Bol\u00edvar.<\/p>\n<p><img loading=\"lazy\" decoding=\"async\" class=\"alignright size-medium wp-image-28106\" src=\"https:\/\/www.revistazetta.com\/wp-content\/uploads\/2018\/10\/PHOTO-2018-10-31-09-41-15-300x188.jpg\" alt=\"\" width=\"300\" height=\"188\" srcset=\"https:\/\/revistazetta.com\/wp-content\/uploads\/2018\/10\/PHOTO-2018-10-31-09-41-15-300x188.jpg 300w, https:\/\/revistazetta.com\/wp-content\/uploads\/2018\/10\/PHOTO-2018-10-31-09-41-15-234x146.jpg 234w, https:\/\/revistazetta.com\/wp-content\/uploads\/2018\/10\/PHOTO-2018-10-31-09-41-15-50x31.jpg 50w, https:\/\/revistazetta.com\/wp-content\/uploads\/2018\/10\/PHOTO-2018-10-31-09-41-15-120x75.jpg 120w, https:\/\/revistazetta.com\/wp-content\/uploads\/2018\/10\/PHOTO-2018-10-31-09-41-15.jpg 768w\" sizes=\"auto, (max-width: 300px) 100vw, 300px\" \/>\u201cDentro de nuestra responsabilidad, vamos a discutir con ellos, y les daremos la mano porque necesitan nuestro apoyo\u201d, a\u00f1adi\u00f3.<\/p>\n<p>Explic\u00f3 que se vendr\u00e1 ahora un proceso de decisi\u00f3n, an\u00e1lisis, cronogramas, y \u201cfrente al pliego de peticiones formulado, les vamos a traer noticias\u201d.<\/p>\n<p>Pidi\u00f3 tambi\u00e9n la vinculaci\u00f3n del gobierno nacional, para que comprometa lo que le corresponde seg\u00fan sus competencias.<\/p>\n<p>&nbsp;<\/p>\n<p>Asisten como garantes la Defensor\u00eda del Pueblo, la Procuradur\u00eda y la Unidad de Atenci\u00f3n y Reparaci\u00f3n Integral para las V\u00edctimas.<\/p>\n<p><img loading=\"lazy\" decoding=\"async\" class=\"alignright size-medium wp-image-28104\" src=\"https:\/\/www.revistazetta.com\/wp-content\/uploads\/2018\/10\/PHOTO-2018-10-31-09-20-09-300x188.jpg\" alt=\"\" width=\"300\" height=\"188\" srcset=\"https:\/\/revistazetta.com\/wp-content\/uploads\/2018\/10\/PHOTO-2018-10-31-09-20-09-300x188.jpg 300w, https:\/\/revistazetta.com\/wp-content\/uploads\/2018\/10\/PHOTO-2018-10-31-09-20-09-234x146.jpg 234w, https:\/\/revistazetta.com\/wp-content\/uploads\/2018\/10\/PHOTO-2018-10-31-09-20-09-50x31.jpg 50w, https:\/\/revistazetta.com\/wp-content\/uploads\/2018\/10\/PHOTO-2018-10-31-09-20-09-120x75.jpg 120w, https:\/\/revistazetta.com\/wp-content\/uploads\/2018\/10\/PHOTO-2018-10-31-09-20-09.jpg 768w\" sizes=\"auto, (max-width: 300px) 100vw, 300px\" \/> <img loading=\"lazy\" decoding=\"async\" class=\"alignright size-medium wp-image-28103\" src=\"https:\/\/www.revistazetta.com\/wp-content\/uploads\/2018\/10\/PHOTO-2018-10-31-09-19-17-300x188.jpg\" alt=\"\" width=\"300\" height=\"188\" srcset=\"https:\/\/revistazetta.com\/wp-content\/uploads\/2018\/10\/PHOTO-2018-10-31-09-19-17-300x188.jpg 300w, https:\/\/revistazetta.com\/wp-content\/uploads\/2018\/10\/PHOTO-2018-10-31-09-19-17-234x146.jpg 234w, https:\/\/revistazetta.com\/wp-content\/uploads\/2018\/10\/PHOTO-2018-10-31-09-19-17-50x31.jpg 50w, https:\/\/revistazetta.com\/wp-content\/uploads\/2018\/10\/PHOTO-2018-10-31-09-19-17-120x75.jpg 120w, https:\/\/revistazetta.com\/wp-content\/uploads\/2018\/10\/PHOTO-2018-10-31-09-19-17.jpg 768w\" sizes=\"auto, (max-width: 300px) 100vw, 300px\" \/><\/p>\n<p>&nbsp;<\/p>\n","protected":false},"excerpt":{"rendered":"<p>El gobernador Dumek Turbay abri\u00f3 las puertas de la Gobernaci\u00f3n de Bol\u00edvar para los campesinos que llegaron en una marcha, y los congreg\u00f3 en el \u201cSal\u00f3n de la Paz\u201d para dialogar sobre las reclamaciones que tienen, acumuladas por a\u00f1os y a\u00f1os. \u201cLa impronta de este gobierno es gobernar con el o\u00eddo, escuchar a las comunidades, y saber que no podemos resolver todos los problemas de tantos a\u00f1os, pero seguramente despu\u00e9s de este ejercicio de di\u00e1logo podremos resolver muchos de ellos\u201d, dijo. Los campesinos tienen reclamaciones de distintos \u00f3rdenes, como salud,&#8230; <\/p>\n","protected":false},"author":3,"featured_media":28102,"comment_status":"open","ping_status":"closed","sticky":false,"template":"","format":"standard","meta":{"footnotes":"","_links_to":"","_links_to_target":""},"categories":[2,75],"tags":[],"class_list":["post-28101","post","type-post","status-publish","format-standard","has-post-thumbnail","hentry","category-actualidad","category-destacada"],"_links":{"self":[{"href":"https:\/\/revistazetta.com\/index.php?rest_route=\/wp\/v2\/posts\/28101","targetHints":{"allow":["GET"]}}],"collection":[{"href":"https:\/\/revistazetta.com\/index.php?rest_route=\/wp\/v2\/posts"}],"about":[{"href":"https:\/\/revistazetta.com\/index.php?rest_route=\/wp\/v2\/types\/post"}],"author":[{"embeddable":true,"href":"https:\/\/revistazetta.com\/index.php?rest_route=\/wp\/v2\/users\/3"}],"replies":[{"embeddable":true,"href":"https:\/\/revistazetta.com\/index.php?rest_route=%2Fwp%2Fv2%2Fcomments&post=28101"}],"version-history":[{"count":0,"href":"https:\/\/revistazetta.com\/index.php?rest_route=\/wp\/v2\/posts\/28101\/revisions"}],"wp:featuredmedia":[{"embeddable":true,"href":"https:\/\/revistazetta.com\/index.php?rest_route=\/wp\/v2\/media\/28102"}],"wp:attachment":[{"href":"https:\/\/revistazetta.com\/index.php?rest_route=%2Fwp%2Fv2%2Fmedia&parent=28101"}],"wp:term":[{"taxonomy":"category","embeddable":true,"href":"https:\/\/revistazetta.com\/index.php?rest_route=%2Fwp%2Fv2%2Fcategories&post=28101"},{"taxonomy":"post_tag","embeddable":true,"href":"https:\/\/revistazetta.com\/index.php?rest_route=%2Fwp%2Fv2%2Ftags&post=28101"}],"curies":[{"name":"wp","href":"https:\/\/api.w.org\/{rel}","templated":true}]}}