{"id":28251,"date":"2018-11-23T15:46:51","date_gmt":"2018-11-23T20:46:51","guid":{"rendered":"http:\/\/www.revistazetta.com\/?p=28251"},"modified":"2018-11-23T15:46:51","modified_gmt":"2018-11-23T20:46:51","slug":"piden-navidad-sin-peajes-cartagena","status":"publish","type":"post","link":"https:\/\/revistazetta.com\/?p=28251","title":{"rendered":"Piden navidad sin peajes en Cartagena"},"content":{"rendered":"<p>El objetivo es que el alcalde Pedrito Pereira Caballero respaldado por los \u00f3rganos de justicia y de control emita una medida provisional y ordene que se levanten las talanqueras de los micros peajes que funcionan al interior de la ciudad; en estas navidades, mientras se falla una decisi\u00f3n definitiva de la eliminaci\u00f3n de los mismos.<\/p>\n<p>Para Nausicrate P\u00e9rez Dautt,\u00a0 Erik Urueta Benavides, William Murra Bab\u00fan, Fidian Garc\u00eda, entre otras personalidades y veedores de la ciudad, se han presentado todas las evidencias jur\u00eddicas, legales y constitucionales que demuestran el vencimiento del contrato de concesi\u00f3n y que la Tasa Interna de Retorno, ya fue recuperada en su totalidad y le corresponde al Distrito de Cartagena asumir ese manejo.<\/p>\n<p>\u201cLa Fiscal\u00eda General, la Procuradur\u00eda, Contralor\u00eda General de la Naci\u00f3n y los magistrados del Tribunal Administrativo de Bol\u00edvar, tienen que respaldar al alcalde para que los cartageneros pasemos una Navidad sin\u00a0 peajes. Consideramos que los con todas estas acciones que se adelantan, los entes de control deben pronunciarse antes del 5 de diciembre del presente a\u00f1o\u201d, dijo Nausicrate P\u00e9rez Dautt, director ejecutivo del Colegio Nacional de Abogados, seccional Cartagena.<\/p>\n<p>As\u00ed mismo, los miembros del Comit\u00e9 Cartagena Sin Peajes, est\u00e1n convocando a todos los transportadores de la ciudad y ciudadan\u00eda en general, que se considere afectada por el cobro injusto de los peajes a una jornada de protesta pac\u00edfica el d\u00eda 12 de diciembre, con el objetivo de presionar que los cartageneros gocen de una Navidad sin peajes.<\/p>\n","protected":false},"excerpt":{"rendered":"<p>El objetivo es que el alcalde Pedrito Pereira Caballero respaldado por los \u00f3rganos de justicia y de control emita una medida provisional y ordene que se levanten las talanqueras de los micros peajes que funcionan al interior de la ciudad; en estas navidades, mientras se falla una decisi\u00f3n definitiva de la eliminaci\u00f3n de los mismos. Para Nausicrate P\u00e9rez Dautt,\u00a0 Erik Urueta Benavides, William Murra Bab\u00fan, Fidian Garc\u00eda, entre otras personalidades y veedores de la ciudad, se han presentado todas las evidencias jur\u00eddicas, legales y constitucionales que demuestran el vencimiento del&#8230; <\/p>\n","protected":false},"author":3,"featured_media":28235,"comment_status":"open","ping_status":"closed","sticky":false,"template":"","format":"standard","meta":{"footnotes":"","_links_to":"","_links_to_target":""},"categories":[32,87],"tags":[],"class_list":["post-28251","post","type-post","status-publish","format-standard","has-post-thumbnail","hentry","category-actualidad-distrito","category-movilidad"],"_links":{"self":[{"href":"https:\/\/revistazetta.com\/index.php?rest_route=\/wp\/v2\/posts\/28251","targetHints":{"allow":["GET"]}}],"collection":[{"href":"https:\/\/revistazetta.com\/index.php?rest_route=\/wp\/v2\/posts"}],"about":[{"href":"https:\/\/revistazetta.com\/index.php?rest_route=\/wp\/v2\/types\/post"}],"author":[{"embeddable":true,"href":"https:\/\/revistazetta.com\/index.php?rest_route=\/wp\/v2\/users\/3"}],"replies":[{"embeddable":true,"href":"https:\/\/revistazetta.com\/index.php?rest_route=%2Fwp%2Fv2%2Fcomments&post=28251"}],"version-history":[{"count":0,"href":"https:\/\/revistazetta.com\/index.php?rest_route=\/wp\/v2\/posts\/28251\/revisions"}],"wp:featuredmedia":[{"embeddable":true,"href":"https:\/\/revistazetta.com\/index.php?rest_route=\/wp\/v2\/media\/28235"}],"wp:attachment":[{"href":"https:\/\/revistazetta.com\/index.php?rest_route=%2Fwp%2Fv2%2Fmedia&parent=28251"}],"wp:term":[{"taxonomy":"category","embeddable":true,"href":"https:\/\/revistazetta.com\/index.php?rest_route=%2Fwp%2Fv2%2Fcategories&post=28251"},{"taxonomy":"post_tag","embeddable":true,"href":"https:\/\/revistazetta.com\/index.php?rest_route=%2Fwp%2Fv2%2Ftags&post=28251"}],"curies":[{"name":"wp","href":"https:\/\/api.w.org\/{rel}","templated":true}]}}