{"id":28252,"date":"2018-11-23T16:09:53","date_gmt":"2018-11-23T21:09:53","guid":{"rendered":"http:\/\/www.revistazetta.com\/?p=28252"},"modified":"2018-11-23T16:09:53","modified_gmt":"2018-11-23T21:09:53","slug":"esta-la-programacion-deportiva-recreativa-fin-ano-cartagena","status":"publish","type":"post","link":"https:\/\/revistazetta.com\/?p=28252","title":{"rendered":"Esta es la programaci\u00f3n deportiva y recreativa para fin de a\u00f1o en Cartagena"},"content":{"rendered":"<p>Con 16 eventos organizados y patrocinados por el Instituto Distrital de Deportes y Recreaci\u00f3n (IDER) y la Alcald\u00eda de Cartagena, se cerrar\u00e1 el a\u00f1o 2018 en materia de deporte y recreaci\u00f3n, con lo que se cumple, de igual forma, con la totalidad de programas misionales que contempla cada a\u00f1o el Instituto.<\/p>\n<p>En rueda de prensa que ofreci\u00f3 la directora del IDER, L\u00eda Sar\u00e1 y su equipo de trabajo este jueves en el complejo de raquetas, se dio a conocer ante la opini\u00f3n \u00a0p\u00fablica y comunidad en general la inversi\u00f3n discriminada que har\u00e1 el IDER en cada uno de los eventos, mostrando as\u00ed la gesti\u00f3n del buen gobierno que se desarroll\u00f3 en el ente deportivo y recreativo de la ciudad.<\/p>\n<p>Los eventos son:<\/p>\n<table>\n<tbody>\n<tr>\n<td width=\"98\"><strong>\u00a0<\/strong><\/p>\n<p><strong>FECHA DE INAUGURACI\u00d3N<\/strong><\/td>\n<td width=\"255\"><strong>\u00a0<\/strong><\/p>\n<p><strong>EVENTO<\/strong><\/td>\n<td width=\"101\"><strong>\u00a0<\/strong><\/p>\n<p><strong>INVERSI\u00d3N<\/strong><\/td>\n<\/tr>\n<tr>\n<td width=\"98\">24 de noviembre<\/td>\n<td width=\"255\">Entrega de Uniformes, implementaci\u00f3n deportiva y clausura de la Escuela de Iniciaci\u00f3n y Formaci\u00f3n Deportiva del IDER<\/td>\n<td width=\"101\">$470 \u00a0Millones<\/td>\n<\/tr>\n<tr>\n<td width=\"98\">24 de noviembre<\/td>\n<td width=\"255\">Inauguraci\u00f3n de la Primera playa Adaptada en Colombia y fortalecimiento de la escuela de Surf en Tierra Bomba<\/td>\n<td width=\"101\">$200 \u00a0Millones<\/td>\n<\/tr>\n<tr>\n<td width=\"98\">30 de noviembre<\/td>\n<td width=\"255\">Clausura del Programa Promoci\u00f3n Masiva de Una Vida Activa H\u00e1bitos y Estilos de Vida Saludables<\/td>\n<td width=\"101\">&nbsp;<\/td>\n<\/tr>\n<tr>\n<td width=\"98\">1 de diciembre<\/td>\n<td width=\"255\">Juegos de Integraci\u00f3n Comunitaria<\/td>\n<td width=\"101\">$380 Millones<\/td>\n<\/tr>\n<tr>\n<td rowspan=\"6\" width=\"98\">2 de diciembre<\/td>\n<td width=\"255\">Juegos Ind\u00edgenas<\/td>\n<td width=\"101\">$25 \u00a0\u00a0Millones<\/td>\n<\/tr>\n<tr>\n<td width=\"255\">Juegos de la Discapacidad<\/td>\n<td width=\"101\">$68 \u00a0\u00a0Millones<\/td>\n<\/tr>\n<tr>\n<td width=\"255\">Juegos Afrodescendientes<\/td>\n<td width=\"101\">$70 \u00a0\u00a0Millones<\/td>\n<\/tr>\n<tr>\n<td width=\"255\">Juegos Comunales<\/td>\n<td width=\"101\">$180 Millones<\/td>\n<\/tr>\n<tr>\n<td width=\"255\">Juegos Carcelarios<\/td>\n<td width=\"101\">$60 \u00a0\u00a0Millones<\/td>\n<\/tr>\n<tr>\n<td width=\"255\">Juegos Deportivos Distritales Todos y Todas a Jugar<\/td>\n<td width=\"101\">$210 Millones<\/td>\n<\/tr>\n<tr>\n<td width=\"98\">19 de noviembre al 3 de diciembre<\/td>\n<td width=\"255\">Recreaci\u00f3n Comunitaria: Cartagena es de los Ni\u00f1os y Cartagena de Todos<\/td>\n<td width=\"101\">$225 Millones<\/td>\n<\/tr>\n<tr>\n<td width=\"98\">16 de diciembre<\/td>\n<td width=\"255\">Apoyo al\u00a0 gran fondo Cartagena- reto navidad<\/td>\n<td width=\"101\">Talento Humano<\/td>\n<\/tr>\n<tr>\n<td width=\"98\">16 de diciembre<\/td>\n<td width=\"255\">Gran Marat\u00f3n N\u00e1utica<\/td>\n<td width=\"101\">&nbsp;<\/td>\n<\/tr>\n<\/tbody>\n<\/table>\n<p>&nbsp;<\/p>\n<p>&nbsp;<\/p>\n<p><strong>LO M\u00c1S DESTACADO:<\/strong><\/p>\n<ol>\n<li>Buenas noticias para la comunidad discapacitada de Cartagena, ya que por primera vez en Colombia se tendr\u00e1 una playa adaptada, la cual contar\u00e1 con las condiciones necesarias para que esta poblaci\u00f3n sea aut\u00f3noma en este espacio, gracias al trabajo conjunto entre FONTUR, IDER y la Federaci\u00f3n Colombiana de Surf.<\/li>\n<\/ol>\n<p>La playa estar\u00e1 ubicada en sector la velas de El Laguito, tendr\u00e1 un corredor de acceso desde la carretera hasta el mar, tambi\u00e9n tendr\u00e1 zonas deportivas para la pr\u00e1ctica del voleibol y el surf, profesores ayudando y ense\u00f1ando a los interesados, zonas de descanso y facilidad de transporte.<\/p>\n<ol start=\"2\">\n<li>Otra noticia destacada es el nuevo \u00e9nfasis con que cuenta la Escuela de Iniciaci\u00f3n y Formaci\u00f3n Deportiva del IDER, el cual es el surf que tendr\u00e1 sede en Tierra Bomba, con un entrenador constante e implementaci\u00f3n deportiva adecuada para la pr\u00e1ctica de este deporte n\u00e1utico.<\/li>\n<li>Por primera vez se desarrollar\u00e1 en Cartagena, gracias al IDER y a la Alcald\u00eda de Cartagena, los Juegos Deportivos Distritales, Todas y Todos a Jugar, el cual es un espacio donde competir\u00e1n deportistas convencionales y no convencionales, lo cual es motivaci\u00f3n y ayuda para los clubes que preparan a sus deportistas para los Juegos Deportivos Paranacionales, Cartagena 2019.<\/li>\n<\/ol>\n<p>\u201cCon el deporte y la recreaci\u00f3n fortalecemos el tejido social por el que tanto trabaja el Alcalde encargado Pedrito Pereira. Me gusta saber que llevamos alegr\u00eda a las diferentes comunidades en esta \u00e9poca de vacaciones y de tiempo libre, porque todos podr\u00e1 participar y disfrutar de los m\u00faltiples eventos que tendremos en diferentes sectores de Cartagena\u201d, dijo Sar\u00e1.<\/p>\n<p>\u201cEste es el resultado de un gran trabajo que realizamos luego de organizar la parte administrativa del IDER, la cual encontr\u00e9 con muchos problemas. Hoy contamos con el respaldo del Alcalde, otra vez volvieron a confiar en el IDER y aqu\u00ed estamos demostrando que lo daremos todo por entregarle deporte y recreaci\u00f3n de calidad a los cartageneros\u201d, finaliz\u00f3 la directora L\u00eda Sar\u00e1.<\/p>\n<p>&nbsp;<\/p>\n<p>&nbsp;<\/p>\n","protected":false},"excerpt":{"rendered":"<p>Con 16 eventos organizados y patrocinados por el Instituto Distrital de Deportes y Recreaci\u00f3n (IDER) y la Alcald\u00eda de Cartagena, se cerrar\u00e1 el a\u00f1o 2018 en materia de deporte y recreaci\u00f3n, con lo que se cumple, de igual forma, con la totalidad de programas misionales que contempla cada a\u00f1o el Instituto. En rueda de prensa que ofreci\u00f3 la directora del IDER, L\u00eda Sar\u00e1 y su equipo de trabajo este jueves en el complejo de raquetas, se dio a conocer ante la opini\u00f3n \u00a0p\u00fablica y comunidad en general la inversi\u00f3n discriminada&#8230; <\/p>\n","protected":false},"author":3,"featured_media":28253,"comment_status":"open","ping_status":"closed","sticky":false,"template":"","format":"standard","meta":{"footnotes":"","_links_to":"","_links_to_target":""},"categories":[75,53],"tags":[],"class_list":["post-28252","post","type-post","status-publish","format-standard","has-post-thumbnail","hentry","category-destacada","category-deportes"],"_links":{"self":[{"href":"https:\/\/revistazetta.com\/index.php?rest_route=\/wp\/v2\/posts\/28252","targetHints":{"allow":["GET"]}}],"collection":[{"href":"https:\/\/revistazetta.com\/index.php?rest_route=\/wp\/v2\/posts"}],"about":[{"href":"https:\/\/revistazetta.com\/index.php?rest_route=\/wp\/v2\/types\/post"}],"author":[{"embeddable":true,"href":"https:\/\/revistazetta.com\/index.php?rest_route=\/wp\/v2\/users\/3"}],"replies":[{"embeddable":true,"href":"https:\/\/revistazetta.com\/index.php?rest_route=%2Fwp%2Fv2%2Fcomments&post=28252"}],"version-history":[{"count":0,"href":"https:\/\/revistazetta.com\/index.php?rest_route=\/wp\/v2\/posts\/28252\/revisions"}],"wp:featuredmedia":[{"embeddable":true,"href":"https:\/\/revistazetta.com\/index.php?rest_route=\/wp\/v2\/media\/28253"}],"wp:attachment":[{"href":"https:\/\/revistazetta.com\/index.php?rest_route=%2Fwp%2Fv2%2Fmedia&parent=28252"}],"wp:term":[{"taxonomy":"category","embeddable":true,"href":"https:\/\/revistazetta.com\/index.php?rest_route=%2Fwp%2Fv2%2Fcategories&post=28252"},{"taxonomy":"post_tag","embeddable":true,"href":"https:\/\/revistazetta.com\/index.php?rest_route=%2Fwp%2Fv2%2Ftags&post=28252"}],"curies":[{"name":"wp","href":"https:\/\/api.w.org\/{rel}","templated":true}]}}