{"id":28254,"date":"2018-11-23T16:13:07","date_gmt":"2018-11-23T21:13:07","guid":{"rendered":"http:\/\/www.revistazetta.com\/?p=28254"},"modified":"2018-11-23T16:13:07","modified_gmt":"2018-11-23T21:13:07","slug":"feria-universitaria-pes-riescar-llego-casi-tres-mil-estudiantes","status":"publish","type":"post","link":"https:\/\/revistazetta.com\/?p=28254","title":{"rendered":"Feria Universitaria PES-Riescar lleg\u00f3 a casi tres mil estudiantes"},"content":{"rendered":"<p>Con total \u00e9xito se desarroll\u00f3 la I Feria Universitaria, en alianza del Plan de Emergencia Social Pedro Romero y la Red de Instituciones de Educaci\u00f3n Superior del Caribe Colombiano RIESCAR, para estudiantes de grado 11 de colegios e instituciones p\u00fablicas y privadas de Cartagena.<\/p>\n<p>La feria cont\u00f3 con la presencia de 9 entidades que ofrecen carreras t\u00e9cnicas, tecnol\u00f3gicas y profesionales:<\/p>\n<p><strong>Instituci\u00f3n Tecnol\u00f3gica Colegio Mayor de Bol\u00edvar <\/strong><\/p>\n<p><strong>Universidad del Sin\u00fa<\/strong><\/p>\n<p><strong>Universidad Tecnol\u00f3gica de Bol\u00edvar<\/strong><\/p>\n<p><strong>Corporaci\u00f3n Universitaria Rafael N\u00fa\u00f1ez<\/strong><\/p>\n<p><strong>Fundaci\u00f3n Universitaria Tecnol\u00f3gico de Comfenalco<\/strong><\/p>\n<p><strong>Unicolombo<\/strong><\/p>\n<p><strong>Corporaci\u00f3n Universitaria Antonio Jos\u00e9 de Sucre CORPOSUCRE<\/strong><\/p>\n<p><strong>Fundaci\u00f3n Tecnol\u00f3gica Antonio De Ar\u00e9valo TECNAR<\/strong><\/p>\n<p><strong>Instituci\u00f3n Universitaria Bellas Artes y Ciencias de Bol\u00edvar.<\/strong><\/p>\n<p>&nbsp;<\/p>\n<p>Esta primera Feria Universitaria cont\u00f3 con la presencia de 2.890 estudiantes de grado 11 de 37 instituciones educativas p\u00fablicas y privadas del distrito de Cartagena.<\/p>\n<p>\u00abAgradecemos el apoyo a los rectores de las instituciones educativas del distrito, a las universidades por venir a este espacio y acercar las ofertas educativas a todos estos j\u00f3venes\u00bb, manifest\u00f3 Jennifer P\u00e9rez, gestora del subprograma de Educaci\u00f3n del PES.<\/p>\n<p>Por su parte, Andrea Serrano, directora ejecutiva de RIESCAR: dijo: \u00abEsta iniciativa que formulamos desde el mes de agosto hoy es una realidad, es nuestra intenci\u00f3n continuar con est\u00e1s actividades de promoci\u00f3n de educaci\u00f3n\u00a0 superior todos los a\u00f1os, hemos recibido con total agrado y satisfacci\u00f3n buenos comentarios por parte de directivos, docentes y estudiantes que participaron en esta primera feria\u00bb.<\/p>\n<p>El Plan de Emergencia Social Pedro Romero seguir\u00e1 comprometido con todas las comunidades llevando desde el subprograma de Educaci\u00f3n la oferta educativa a los sectores m\u00e1s vulnerables de Cartagena.<\/p>\n","protected":false},"excerpt":{"rendered":"<p>Con total \u00e9xito se desarroll\u00f3 la I Feria Universitaria, en alianza del Plan de Emergencia Social Pedro Romero y la Red de Instituciones de Educaci\u00f3n Superior del Caribe Colombiano RIESCAR, para estudiantes de grado 11 de colegios e instituciones p\u00fablicas y privadas de Cartagena. La feria cont\u00f3 con la presencia de 9 entidades que ofrecen carreras t\u00e9cnicas, tecnol\u00f3gicas y profesionales: Instituci\u00f3n Tecnol\u00f3gica Colegio Mayor de Bol\u00edvar Universidad del Sin\u00fa Universidad Tecnol\u00f3gica de Bol\u00edvar Corporaci\u00f3n Universitaria Rafael N\u00fa\u00f1ez Fundaci\u00f3n Universitaria Tecnol\u00f3gico de Comfenalco Unicolombo Corporaci\u00f3n Universitaria Antonio Jos\u00e9 de Sucre CORPOSUCRE&#8230; <\/p>\n","protected":false},"author":3,"featured_media":28255,"comment_status":"open","ping_status":"closed","sticky":false,"template":"","format":"standard","meta":{"footnotes":"","_links_to":"","_links_to_target":""},"categories":[32,75],"tags":[],"class_list":["post-28254","post","type-post","status-publish","format-standard","has-post-thumbnail","hentry","category-actualidad-distrito","category-destacada"],"_links":{"self":[{"href":"https:\/\/revistazetta.com\/index.php?rest_route=\/wp\/v2\/posts\/28254","targetHints":{"allow":["GET"]}}],"collection":[{"href":"https:\/\/revistazetta.com\/index.php?rest_route=\/wp\/v2\/posts"}],"about":[{"href":"https:\/\/revistazetta.com\/index.php?rest_route=\/wp\/v2\/types\/post"}],"author":[{"embeddable":true,"href":"https:\/\/revistazetta.com\/index.php?rest_route=\/wp\/v2\/users\/3"}],"replies":[{"embeddable":true,"href":"https:\/\/revistazetta.com\/index.php?rest_route=%2Fwp%2Fv2%2Fcomments&post=28254"}],"version-history":[{"count":0,"href":"https:\/\/revistazetta.com\/index.php?rest_route=\/wp\/v2\/posts\/28254\/revisions"}],"wp:featuredmedia":[{"embeddable":true,"href":"https:\/\/revistazetta.com\/index.php?rest_route=\/wp\/v2\/media\/28255"}],"wp:attachment":[{"href":"https:\/\/revistazetta.com\/index.php?rest_route=%2Fwp%2Fv2%2Fmedia&parent=28254"}],"wp:term":[{"taxonomy":"category","embeddable":true,"href":"https:\/\/revistazetta.com\/index.php?rest_route=%2Fwp%2Fv2%2Fcategories&post=28254"},{"taxonomy":"post_tag","embeddable":true,"href":"https:\/\/revistazetta.com\/index.php?rest_route=%2Fwp%2Fv2%2Ftags&post=28254"}],"curies":[{"name":"wp","href":"https:\/\/api.w.org\/{rel}","templated":true}]}}