{"id":28256,"date":"2018-11-23T16:15:26","date_gmt":"2018-11-23T21:15:26","guid":{"rendered":"http:\/\/www.revistazetta.com\/?p=28256"},"modified":"2018-11-23T16:15:26","modified_gmt":"2018-11-23T21:15:26","slug":"cartagena-fragua-comite-local-seguridad-vial","status":"publish","type":"post","link":"https:\/\/revistazetta.com\/?p=28256","title":{"rendered":"Cartagena fragua Comit\u00e9 Local de Seguridad Vial"},"content":{"rendered":"<p>El alcalde de Cartagena, Pedrito Pereira Caballero, se mostr\u00f3 satisfecho al conocer el informe sobre seguridad vial en la ciudad y destac\u00f3 que se han descendido las cifras de personas fallecidas en accidentes viales, en especial en motocicletas.<\/p>\n<p>\u201cEs un tema delicado, que hay que entrar a regular y lo importante es que se pondr\u00e1n en marcha unos compromisos adquiridos con la Agencia Nacional de Seguridad Vial de reactivar un convenio que estar\u00e1 en cabeza del Director del Departamento Administrativo de Trasporte (Datt), con el fin de crear el Comit\u00e9 Local de Seguridad Vial y establecer el plan local y de esta forma poder recibir toda la ayuda requerida por parte de esta dependencia del\u00a0 Gobierno nacional\u201d, explic\u00f3 el mandatario.<\/p>\n<p>Al tener activo el convenio se podr\u00e1 recibir el apoyo en veloc\u00edmetros y todos los instrumentos que se requieran para mejorar a\u00fan m\u00e1s la seguridad vial en Cartagena y lograr que las muertes por accidentes de tr\u00e1nsito disminuyan y lleguen a cero.<\/p>\n<p>Por su parte, Hilda Mar\u00eda G\u00f3mez, directora de la Agencia Nacional de Seguridad Vial, se\u00f1al\u00f3 que desde hace dos a\u00f1os se viene presentando una disminuci\u00f3n en el n\u00famero de personas fallecidas y heridas en siniestros de tr\u00e1nsito.<\/p>\n<p>Fue enf\u00e1tica al advertir que para continuar la buena labor desarrollada hasta el momento se debe crear el Comit\u00e9 Local d Seguridad Vial, que se encargar\u00e1 de coordinar los diferentes actores, elaborar el Plan Local de Seguridad Vial para tener un plan integrado que pueda impactar m\u00e1s en la reducci\u00f3n de siniestros.<\/p>\n<p>\u201cPara eso estamos ac\u00e1, estamos revisando el convenio firmado con la Alcald\u00eda que contempla desarrollar diferentes acciones, una de ellas, la elaboraci\u00f3n del Plan Local de Seguridad Vial, para agilizar su ejecuci\u00f3n y poder tener mayor impacto, que es disminuir heridos y muertos en accidentes de tr\u00e1nsito en las v\u00edas\u201d, explic\u00f3 la funcionaria.<\/p>\n<p>Con relaci\u00f3n a Transcaribe, Hilda Mar\u00eda G\u00f3mez dijo que la seguridad vial en Cartagena es buena y eso se tiene en cuenta. El sistema tiene algunos problemas de cruces peatonales que ser\u00eda bueno revisar y completar m\u00e1s pasos protegidos para los usuarios, pero las cifras que se tienen indican que este servicio va muy bien.<\/p>\n<p>Tambi\u00e9n habl\u00f3 de las campa\u00f1as de sensibilizaci\u00f3n que se deben desarrollar, en especial aquellas que permitan combatir las pr\u00e1cticas de riesgo de los usuarios m\u00e1s vulnerables. \u201cEn Cartagena al igual que en la mayor\u00eda de las ciudades del pa\u00eds, los motociclistas son los principales usuarios que se siniestran por lo que las campa\u00f1as deben estar enfocadas en el buen uso del casco, que no solo tenerlo, sino que est\u00e9 bien abrochado, disminuir el exceso de velocidad en especial en las motos, el uso del cintur\u00f3n de seguridad (en el caso de veh\u00edculos) y no combinar alcohol con la conducci\u00f3n\u201d, sentenci\u00f3.<\/p>\n","protected":false},"excerpt":{"rendered":"<p>El alcalde de Cartagena, Pedrito Pereira Caballero, se mostr\u00f3 satisfecho al conocer el informe sobre seguridad vial en la ciudad y destac\u00f3 que se han descendido las cifras de personas fallecidas en accidentes viales, en especial en motocicletas. \u201cEs un tema delicado, que hay que entrar a regular y lo importante es que se pondr\u00e1n en marcha unos compromisos adquiridos con la Agencia Nacional de Seguridad Vial de reactivar un convenio que estar\u00e1 en cabeza del Director del Departamento Administrativo de Trasporte (Datt), con el fin de crear el Comit\u00e9&#8230; <\/p>\n","protected":false},"author":3,"featured_media":28257,"comment_status":"open","ping_status":"closed","sticky":false,"template":"","format":"standard","meta":{"footnotes":"","_links_to":"","_links_to_target":""},"categories":[75,32,87],"tags":[],"class_list":["post-28256","post","type-post","status-publish","format-standard","has-post-thumbnail","hentry","category-destacada","category-actualidad-distrito","category-movilidad"],"_links":{"self":[{"href":"https:\/\/revistazetta.com\/index.php?rest_route=\/wp\/v2\/posts\/28256","targetHints":{"allow":["GET"]}}],"collection":[{"href":"https:\/\/revistazetta.com\/index.php?rest_route=\/wp\/v2\/posts"}],"about":[{"href":"https:\/\/revistazetta.com\/index.php?rest_route=\/wp\/v2\/types\/post"}],"author":[{"embeddable":true,"href":"https:\/\/revistazetta.com\/index.php?rest_route=\/wp\/v2\/users\/3"}],"replies":[{"embeddable":true,"href":"https:\/\/revistazetta.com\/index.php?rest_route=%2Fwp%2Fv2%2Fcomments&post=28256"}],"version-history":[{"count":0,"href":"https:\/\/revistazetta.com\/index.php?rest_route=\/wp\/v2\/posts\/28256\/revisions"}],"wp:featuredmedia":[{"embeddable":true,"href":"https:\/\/revistazetta.com\/index.php?rest_route=\/wp\/v2\/media\/28257"}],"wp:attachment":[{"href":"https:\/\/revistazetta.com\/index.php?rest_route=%2Fwp%2Fv2%2Fmedia&parent=28256"}],"wp:term":[{"taxonomy":"category","embeddable":true,"href":"https:\/\/revistazetta.com\/index.php?rest_route=%2Fwp%2Fv2%2Fcategories&post=28256"},{"taxonomy":"post_tag","embeddable":true,"href":"https:\/\/revistazetta.com\/index.php?rest_route=%2Fwp%2Fv2%2Ftags&post=28256"}],"curies":[{"name":"wp","href":"https:\/\/api.w.org\/{rel}","templated":true}]}}