{"id":28258,"date":"2018-11-23T16:20:04","date_gmt":"2018-11-23T21:20:04","guid":{"rendered":"http:\/\/www.revistazetta.com\/?p=28258"},"modified":"2018-11-23T16:20:04","modified_gmt":"2018-11-23T21:20:04","slug":"distrito-modernizarse-tamano-funciones","status":"publish","type":"post","link":"https:\/\/revistazetta.com\/?p=28258","title":{"rendered":"Distrito tiene que modernizarse en tama\u00f1o y funciones"},"content":{"rendered":"<p>Con la presencia de la vicepresidenta de Colombia, Marta Luc\u00eda Ram\u00edrez, el alcalde Pedrito Pereira Caballero y el director de la Funci\u00f3n P\u00fablica, Fernando Grillo, firmaron un convenio que tiene\u00a0 como\u00a0objetivo de fortalecer\u00a0las capacidades t\u00e9cnicas de la administraci\u00f3n de Cartagena para responder a las necesidades de sus habitantes.<\/p>\n<p>El mandatario al firmar el convenio agradeci\u00f3 todo el apoyo que desde el Gobierno nacional recibe Cartagena y se\u00f1al\u00f3 que es satisfactorio poder contar con la Funci\u00f3n P\u00fablica en esta tarea que se tiene para modernizar, con transparencia a la Administraci\u00f3n Distrital.<\/p>\n<p>Se\u00f1al\u00f3 el Alcalde que la \u00faltima restructuraci\u00f3n que se hizo a la Ley 617 en 2001 y, posteriormente, en algunas situaciones puntuales en 2008 y 2009, la actual planta de personal no ha evolucionado a la realidad que vive el Distrito de Cartagena.<\/p>\n<p>\u201cEsta es una gran oportunidad de la Funci\u00f3n P\u00fablica para realizar un diagn\u00f3stico de cu\u00e1l podr\u00eda ser la verdadera planta de personal del Distrito de Cartagena, trabajo que se hace un organismo t\u00e9cnico. Es necesario se\u00f1alar que este convenio no tiene ninguna implicaci\u00f3n econ\u00f3mica para la Heroica\u201d.<\/p>\n<p>\u201cCartagena ha vivido en estos \u00faltimos a\u00f1os la mayor crisis de gobernabilidad en la historia de la ciudad\u201d, afirm\u00f3 el director de Funci\u00f3n P\u00fablica, Fernando Grillo Rubiano, quien agreg\u00f3 que \u201conce alcaldes en cinco a\u00f1os han generado grandes desaf\u00edos en la gesti\u00f3n p\u00fablica; por esto es importante contar con un m\u00ednimo de garant\u00edas que permitan dar continuidad en la ejecuci\u00f3n de los proyectos establecidos en el Plan de Desarrollo\u201d, se\u00f1al\u00f3.<\/p>\n<p>&nbsp;<\/p>\n<p><strong>\u201cLas cosas se est\u00e1n haciendo bien\u201d: Marta Luc\u00eda Ram\u00edrez<\/strong><\/p>\n<p>La vicepresidenta, Marta Luc\u00eda Ram\u00edrez, enfatiz\u00f3 que el alcalde, Pedrito Pereira Caballero, ha venido demostrando que est\u00e1 procediendo con total verticalidad, cumpliendo con las directrices del Gobierno nacional para lograr la transparencia y eficiencia en la gesti\u00f3n p\u00fablica.<\/p>\n<p>Adem\u00e1s, indic\u00f3 que: \u201cLa intenci\u00f3n expresa del presidente Iv\u00e1n Duque de trabajar por una Cartagena eficiente y productiva, y para esto deleg\u00f3 a Funci\u00f3n P\u00fablica y al director Fernando Grillo para acompa\u00f1ar a la ciudad en la resoluci\u00f3n de las situaciones administrativas at\u00edpicas que presenta\u201d, afirm\u00f3.<\/p>\n<p>Para el logro de este objetivo, Funci\u00f3n P\u00fablica acompa\u00f1ar\u00e1 el proceso de redise\u00f1o institucional de la Alcald\u00eda, labor que no se llevaba a cabo desde 2005.<\/p>\n<p>\u201cEstamos muy satisfechos con este acompa\u00f1amiento de una entidad de altas calidades t\u00e9cnicas como es el Departamento Administrativo de la Funci\u00f3n P\u00fablica\u201d, dijo el alcalde de Cartagena, Pedrito Pereira.<\/p>\n<p>Consider\u00f3 que \u201cestas asesor\u00edas son muy importantes para el servicio que prestamos y para el redise\u00f1o institucional\u201d.<\/p>\n<p>La Alcald\u00eda de Cartagena contar\u00e1, adem\u00e1s, con la oferta institucional integral de Funci\u00f3n P\u00fablica en temas como evaluaci\u00f3n de competencias gerenciales (valorada positivamente por la OCDE), para fomentar la excelencia en el ingreso al empleo p\u00fablico; el programa Estado Simple, Colombia \u00c1gil, para facilitar la relaci\u00f3n del Estado con la ciudadan\u00eda; el programa Servimos, implementado con el fin de brindar productos y servicios con condiciones especiales para los servidores p\u00fablicos; as\u00ed mismo, esta administraci\u00f3n de la Costa Atl\u00e1ntica contar\u00e1 con asesor\u00edas para implementar el Modelo Integrado de Planeaci\u00f3n y gesti\u00f3n, MIPG.<\/p>\n<p>Con MIPG, se busca que las entidades p\u00fablicas optimicen su gesti\u00f3n a trav\u00e9s de servidores p\u00fablicos comprometidos, la planeaci\u00f3n adecuada de su gesti\u00f3n, la promoci\u00f3n de la participaci\u00f3n ciudadana en la gesti\u00f3n p\u00fablica, la evaluaci\u00f3n de los resultados de la gesti\u00f3n y una correcta gesti\u00f3n del riesgo, entre otros aspectos.<\/p>\n<p>\u201cUn elemento de valor de estas asesor\u00edas radica en que las asesor\u00edas que brindar\u00e1 Funci\u00f3n P\u00fablica son a costo cero para la Alcald\u00eda de Cartagena\u201d, concluy\u00f3 el director Grillo.<\/p>\n","protected":false},"excerpt":{"rendered":"<p>Con la presencia de la vicepresidenta de Colombia, Marta Luc\u00eda Ram\u00edrez, el alcalde Pedrito Pereira Caballero y el director de la Funci\u00f3n P\u00fablica, Fernando Grillo, firmaron un convenio que tiene\u00a0 como\u00a0objetivo de fortalecer\u00a0las capacidades t\u00e9cnicas de la administraci\u00f3n de Cartagena para responder a las necesidades de sus habitantes. El mandatario al firmar el convenio agradeci\u00f3 todo el apoyo que desde el Gobierno nacional recibe Cartagena y se\u00f1al\u00f3 que es satisfactorio poder contar con la Funci\u00f3n P\u00fablica en esta tarea que se tiene para modernizar, con transparencia a la Administraci\u00f3n Distrital&#8230;. <\/p>\n","protected":false},"author":3,"featured_media":28259,"comment_status":"open","ping_status":"closed","sticky":false,"template":"","format":"standard","meta":{"footnotes":"","_links_to":"","_links_to_target":""},"categories":[75],"tags":[],"class_list":["post-28258","post","type-post","status-publish","format-standard","has-post-thumbnail","hentry","category-destacada"],"_links":{"self":[{"href":"https:\/\/revistazetta.com\/index.php?rest_route=\/wp\/v2\/posts\/28258","targetHints":{"allow":["GET"]}}],"collection":[{"href":"https:\/\/revistazetta.com\/index.php?rest_route=\/wp\/v2\/posts"}],"about":[{"href":"https:\/\/revistazetta.com\/index.php?rest_route=\/wp\/v2\/types\/post"}],"author":[{"embeddable":true,"href":"https:\/\/revistazetta.com\/index.php?rest_route=\/wp\/v2\/users\/3"}],"replies":[{"embeddable":true,"href":"https:\/\/revistazetta.com\/index.php?rest_route=%2Fwp%2Fv2%2Fcomments&post=28258"}],"version-history":[{"count":0,"href":"https:\/\/revistazetta.com\/index.php?rest_route=\/wp\/v2\/posts\/28258\/revisions"}],"wp:featuredmedia":[{"embeddable":true,"href":"https:\/\/revistazetta.com\/index.php?rest_route=\/wp\/v2\/media\/28259"}],"wp:attachment":[{"href":"https:\/\/revistazetta.com\/index.php?rest_route=%2Fwp%2Fv2%2Fmedia&parent=28258"}],"wp:term":[{"taxonomy":"category","embeddable":true,"href":"https:\/\/revistazetta.com\/index.php?rest_route=%2Fwp%2Fv2%2Fcategories&post=28258"},{"taxonomy":"post_tag","embeddable":true,"href":"https:\/\/revistazetta.com\/index.php?rest_route=%2Fwp%2Fv2%2Ftags&post=28258"}],"curies":[{"name":"wp","href":"https:\/\/api.w.org\/{rel}","templated":true}]}}