{"id":28796,"date":"2019-01-28T16:52:18","date_gmt":"2019-01-28T21:52:18","guid":{"rendered":"http:\/\/www.revistazetta.com\/?p=28796"},"modified":"2019-01-28T16:52:18","modified_gmt":"2019-01-28T21:52:18","slug":"escuela-taller-1-314-inscritos-270-cupos","status":"publish","type":"post","link":"https:\/\/revistazetta.com\/?p=28796","title":{"rendered":"Escuela Taller: 1.314 inscritos para 270 cupos"},"content":{"rendered":"<p>El proceso de selecci\u00f3n de los aprendices que se formar\u00e1n en el 2019 en los cursos t\u00e9cnicos, relacionados con la conservaci\u00f3n del patrimonio cultural, ofrecidos por la Escuela Taller Cartagena de Indias (ETCAR), con el apoyo del Ministerio de Cultura y de la Alcald\u00eda Mayor de Cartagena, tuvo un registro sin antecedentes de 1.314 j\u00f3venes inscritos.<\/p>\n<p>El 29 y 30 de enero de 2019, los inscritos realizar\u00e1n un examen de admisi\u00f3n y el 1 de febrero se publicar\u00e1n los seleccionados en la sede de la ETCAR en el barrio Getseman\u00ed, calle del Guerrero #29-64, y en las cuentas de redes sociales de la ETCAR (Facebook e Instagram).<\/p>\n<p>Los seleccionados deber\u00e1n presentarse a las entrevistas personales que se realizar\u00e1n entre el 4 y 5 de febrero de 2019. El listado definitivo de los nuevos aprendices se publicar\u00e1 el 7 de febrero de 2019.<\/p>\n<p>En total se seleccionar\u00e1n 270 j\u00f3venes, entre 18 y 28 a\u00f1os, de estratos uno y dos, para formarse en Cartagena en los cursos t\u00e9cnicos en Alba\u00f1iler\u00eda, Carpinter\u00eda, Soldadura, Electricidad, Cocina y Jardiner\u00eda.<\/p>\n<p>Los j\u00f3venes seleccionados recibir\u00e1n una beca de formaci\u00f3n para cursar sus estudios, uniformes, apoyo nutricional, elementos de seguridad necesarios para la pr\u00e1ctica de cada uno de los talleres y los materiales de pr\u00e1ctica; adem\u00e1s, ser\u00e1n asegurados con una p\u00f3liza de accidentes y afiliados a una Administradora de Riesgos Laborales (ARL).<\/p>\n<p>En el corregimiento insular de Bocachica las inscripciones contin\u00faan abiertas, hasta el viernes 1 de febrero de 2019, para los cursos complementarios en Carpinter\u00eda de Ribera, Cocina y Alba\u00f1iler\u00eda. Los j\u00f3venes interesados (entre 18 y 28 a\u00f1os) pueden reclamar los formatos de inscripci\u00f3n en el Fuerte de San Fernando.<br \/>\n<strong>Sobre la ETCAR<\/strong><\/p>\n<p>La Escuela Taller Cartagena de Indias es una instituci\u00f3n de formaci\u00f3n para el trabajo y desarrollo humano, que gracias a su experiencia en la conservaci\u00f3n del patrimonio cultural de la ciudad, el Ministerio de Cultura le delega a la ETCAR la administraci\u00f3n de las Fortificaciones en el a\u00f1o 2012.<\/p>\n<p>Siguiendo la metodolog\u00eda \u2018Aprender haciendo\u2019, los j\u00f3venes que han pasado por los talleres de la ETCAR han participado en proyectos de conservaci\u00f3n y restauraci\u00f3n de edificaciones emblem\u00e1ticas de la ciudad como el Claustro de Santo Domingo, la Catedral de Cartagena de Indias, el Teatro Adolfo Mej\u00eda, la Casa de la Moneda, entre otros; convirti\u00e9ndose de esta forma en un centro de producci\u00f3n de bienes y servicios.<\/p>\n<p>Desde su creaci\u00f3n en 1992, la ETCAR ha formado a m\u00e1s de 6 mil j\u00f3venes en oficios tradicionales relacionados con el patrimonio cultural.<\/p>\n","protected":false},"excerpt":{"rendered":"<p>El proceso de selecci\u00f3n de los aprendices que se formar\u00e1n en el 2019 en los cursos t\u00e9cnicos, relacionados con la conservaci\u00f3n del patrimonio cultural, ofrecidos por la Escuela Taller Cartagena de Indias (ETCAR), con el apoyo del Ministerio de Cultura y de la Alcald\u00eda Mayor de Cartagena, tuvo un registro sin antecedentes de 1.314 j\u00f3venes inscritos. El 29 y 30 de enero de 2019, los inscritos realizar\u00e1n un examen de admisi\u00f3n y el 1 de febrero se publicar\u00e1n los seleccionados en la sede de la ETCAR en el barrio Getseman\u00ed,&#8230; <\/p>\n","protected":false},"author":3,"featured_media":28797,"comment_status":"open","ping_status":"closed","sticky":false,"template":"","format":"standard","meta":{"footnotes":"","_links_to":"","_links_to_target":""},"categories":[3,75,51],"tags":[],"class_list":["post-28796","post","type-post","status-publish","format-standard","has-post-thumbnail","hentry","category-ciudad","category-destacada","category-universidad"],"_links":{"self":[{"href":"https:\/\/revistazetta.com\/index.php?rest_route=\/wp\/v2\/posts\/28796","targetHints":{"allow":["GET"]}}],"collection":[{"href":"https:\/\/revistazetta.com\/index.php?rest_route=\/wp\/v2\/posts"}],"about":[{"href":"https:\/\/revistazetta.com\/index.php?rest_route=\/wp\/v2\/types\/post"}],"author":[{"embeddable":true,"href":"https:\/\/revistazetta.com\/index.php?rest_route=\/wp\/v2\/users\/3"}],"replies":[{"embeddable":true,"href":"https:\/\/revistazetta.com\/index.php?rest_route=%2Fwp%2Fv2%2Fcomments&post=28796"}],"version-history":[{"count":0,"href":"https:\/\/revistazetta.com\/index.php?rest_route=\/wp\/v2\/posts\/28796\/revisions"}],"wp:featuredmedia":[{"embeddable":true,"href":"https:\/\/revistazetta.com\/index.php?rest_route=\/wp\/v2\/media\/28797"}],"wp:attachment":[{"href":"https:\/\/revistazetta.com\/index.php?rest_route=%2Fwp%2Fv2%2Fmedia&parent=28796"}],"wp:term":[{"taxonomy":"category","embeddable":true,"href":"https:\/\/revistazetta.com\/index.php?rest_route=%2Fwp%2Fv2%2Fcategories&post=28796"},{"taxonomy":"post_tag","embeddable":true,"href":"https:\/\/revistazetta.com\/index.php?rest_route=%2Fwp%2Fv2%2Ftags&post=28796"}],"curies":[{"name":"wp","href":"https:\/\/api.w.org\/{rel}","templated":true}]}}