{"id":28804,"date":"2019-01-28T18:46:16","date_gmt":"2019-01-28T23:46:16","guid":{"rendered":"http:\/\/www.revistazetta.com\/?p=28804"},"modified":"2019-01-28T18:46:16","modified_gmt":"2019-01-28T23:46:16","slug":"duque-participa-cartagena-foro-donde-va-pais","status":"publish","type":"post","link":"https:\/\/revistazetta.com\/?p=28804","title":{"rendered":"Duque participa en Cartagena en el foro \u00ab\u00bfPara d\u00f3nde va el pa\u00eds?\u00bb"},"content":{"rendered":"<p>A las 8:30 de la ma\u00f1ana de este martes, en el Hotel Intercontinental en Cartagena, el Presidente Iv\u00e1n Duque participar\u00e1 en el \u2018Gran Foro Colombia 2019: \u00bfPara d\u00f3nde va el pa\u00eds?\u2019.<\/p>\n<p>Se trata de un espacio en el que los tomadores de decisiones, expertos y analistas m\u00e1s respetados discuten hacia d\u00f3nde va Colombia en diferentes temas como econom\u00eda, justicia, lucha contra la corrupci\u00f3n, internacionalizaci\u00f3n, salud y seguridad.<\/p>\n<p>El encuentro que es organizado por Foros Semana y entidades del sector p\u00fablico y privado, ser\u00e1 transmitido por la p\u00e1gina web de la Presidencia de la Rep\u00fablica: <a href=\"https:\/\/www.presidencia.gov.co\/\" target=\"_blank\" rel=\"noopener\" data-saferedirecturl=\"https:\/\/www.google.com\/url?q=https:\/\/www.presidencia.gov.co&amp;source=gmail&amp;ust=1548798734378000&amp;usg=AFQjCNEAF03v_DNo_oFCMrYTXocgV4-jqQ\">www.presidencia.gov.co<\/a> y las redes sociales de la entidad.<\/p>\n","protected":false},"excerpt":{"rendered":"<p>A las 8:30 de la ma\u00f1ana de este martes, en el Hotel Intercontinental en Cartagena, el Presidente Iv\u00e1n Duque participar\u00e1 en el \u2018Gran Foro Colombia 2019: \u00bfPara d\u00f3nde va el pa\u00eds?\u2019. Se trata de un espacio en el que los tomadores de decisiones, expertos y analistas m\u00e1s respetados discuten hacia d\u00f3nde va Colombia en diferentes temas como econom\u00eda, justicia, lucha contra la corrupci\u00f3n, internacionalizaci\u00f3n, salud y seguridad. El encuentro que es organizado por Foros Semana y entidades del sector p\u00fablico y privado, ser\u00e1 transmitido por la p\u00e1gina web de la&#8230; <\/p>\n","protected":false},"author":3,"featured_media":28805,"comment_status":"open","ping_status":"closed","sticky":false,"template":"","format":"standard","meta":{"footnotes":"","_links_to":"","_links_to_target":""},"categories":[2,35],"tags":[],"class_list":["post-28804","post","type-post","status-publish","format-standard","has-post-thumbnail","hentry","category-actualidad","category-actualidad-nacion"],"_links":{"self":[{"href":"https:\/\/revistazetta.com\/index.php?rest_route=\/wp\/v2\/posts\/28804","targetHints":{"allow":["GET"]}}],"collection":[{"href":"https:\/\/revistazetta.com\/index.php?rest_route=\/wp\/v2\/posts"}],"about":[{"href":"https:\/\/revistazetta.com\/index.php?rest_route=\/wp\/v2\/types\/post"}],"author":[{"embeddable":true,"href":"https:\/\/revistazetta.com\/index.php?rest_route=\/wp\/v2\/users\/3"}],"replies":[{"embeddable":true,"href":"https:\/\/revistazetta.com\/index.php?rest_route=%2Fwp%2Fv2%2Fcomments&post=28804"}],"version-history":[{"count":0,"href":"https:\/\/revistazetta.com\/index.php?rest_route=\/wp\/v2\/posts\/28804\/revisions"}],"wp:featuredmedia":[{"embeddable":true,"href":"https:\/\/revistazetta.com\/index.php?rest_route=\/wp\/v2\/media\/28805"}],"wp:attachment":[{"href":"https:\/\/revistazetta.com\/index.php?rest_route=%2Fwp%2Fv2%2Fmedia&parent=28804"}],"wp:term":[{"taxonomy":"category","embeddable":true,"href":"https:\/\/revistazetta.com\/index.php?rest_route=%2Fwp%2Fv2%2Fcategories&post=28804"},{"taxonomy":"post_tag","embeddable":true,"href":"https:\/\/revistazetta.com\/index.php?rest_route=%2Fwp%2Fv2%2Ftags&post=28804"}],"curies":[{"name":"wp","href":"https:\/\/api.w.org\/{rel}","templated":true}]}}