{"id":28806,"date":"2019-01-28T19:02:26","date_gmt":"2019-01-29T00:02:26","guid":{"rendered":"http:\/\/www.revistazetta.com\/?p=28806"},"modified":"2019-01-28T19:02:26","modified_gmt":"2019-01-29T00:02:26","slug":"nueva-visita-tecnica-predio-donde-se-trasladara-la-carcel-mujeres","status":"publish","type":"post","link":"https:\/\/revistazetta.com\/?p=28806","title":{"rendered":"Nueva visita t\u00e9cnica a predio a donde se trasladar\u00e1 la c\u00e1rcel de mujeres"},"content":{"rendered":"<p>Atendiendo una instrucci\u00f3n del alcalde de Cartagena, Pedrito Pereira Caballero, el secretario del Interior y Conviviencia Ciudadana, Jos\u00e9 Carlos Puello Rubio, realiz\u00f3 en la ma\u00f1ana de este lunes una nueva visita t\u00e9cnica al predio donde se espera se traslade la c\u00e1rcel distrital de mujeres.<br \/>\nEsta nueva inspecci\u00f3n cont\u00f3 con la presencia de funcionarios del Instituto Nacional Penitenciario y Carcelario (Inpec) y de la Unidad de Servicios Penitenciarios y Carcelarios (Uspec) y ten\u00eda como finalidad de avalar el predio como paso inicial para que se autorice el traslado hacia el nuevo sitio.<br \/>\n\u201cMa\u00f1ana contin\u00faa la visita, ya que este inspecci\u00f3n pretende acoger todas las recomendaciones por parte de las autoridades encargadas de la seguridad y las adecuaciones del inmueble\u201d, explic\u00f3 Puello Rubio.<br \/>\nEl Secretario se\u00f1al\u00f3 que se est\u00e1n haciendo todos los tr\u00e1mites de rigor para lograr que las entidades encargadas de la aprobaci\u00f3n del predio lo hagan y as\u00ed pensar el todo lo que se requiere para comenzar las adecuaciones y posterior traslado de las internas a la nueva sede carcelaria.<br \/>\nComunicado<\/p>\n","protected":false},"excerpt":{"rendered":"<p>Atendiendo una instrucci\u00f3n del alcalde de Cartagena, Pedrito Pereira Caballero, el secretario del Interior y Conviviencia Ciudadana, Jos\u00e9 Carlos Puello Rubio, realiz\u00f3 en la ma\u00f1ana de este lunes una nueva visita t\u00e9cnica al predio donde se espera se traslade la c\u00e1rcel distrital de mujeres. Esta nueva inspecci\u00f3n cont\u00f3 con la presencia de funcionarios del Instituto Nacional Penitenciario y Carcelario (Inpec) y de la Unidad de Servicios Penitenciarios y Carcelarios (Uspec) y ten\u00eda como finalidad de avalar el predio como paso inicial para que se autorice el traslado hacia el nuevo&#8230; <\/p>\n","protected":false},"author":3,"featured_media":28807,"comment_status":"open","ping_status":"closed","sticky":false,"template":"","format":"standard","meta":{"footnotes":"","_links_to":"","_links_to_target":""},"categories":[75,32],"tags":[],"class_list":["post-28806","post","type-post","status-publish","format-standard","has-post-thumbnail","hentry","category-destacada","category-actualidad-distrito"],"_links":{"self":[{"href":"https:\/\/revistazetta.com\/index.php?rest_route=\/wp\/v2\/posts\/28806","targetHints":{"allow":["GET"]}}],"collection":[{"href":"https:\/\/revistazetta.com\/index.php?rest_route=\/wp\/v2\/posts"}],"about":[{"href":"https:\/\/revistazetta.com\/index.php?rest_route=\/wp\/v2\/types\/post"}],"author":[{"embeddable":true,"href":"https:\/\/revistazetta.com\/index.php?rest_route=\/wp\/v2\/users\/3"}],"replies":[{"embeddable":true,"href":"https:\/\/revistazetta.com\/index.php?rest_route=%2Fwp%2Fv2%2Fcomments&post=28806"}],"version-history":[{"count":0,"href":"https:\/\/revistazetta.com\/index.php?rest_route=\/wp\/v2\/posts\/28806\/revisions"}],"wp:featuredmedia":[{"embeddable":true,"href":"https:\/\/revistazetta.com\/index.php?rest_route=\/wp\/v2\/media\/28807"}],"wp:attachment":[{"href":"https:\/\/revistazetta.com\/index.php?rest_route=%2Fwp%2Fv2%2Fmedia&parent=28806"}],"wp:term":[{"taxonomy":"category","embeddable":true,"href":"https:\/\/revistazetta.com\/index.php?rest_route=%2Fwp%2Fv2%2Fcategories&post=28806"},{"taxonomy":"post_tag","embeddable":true,"href":"https:\/\/revistazetta.com\/index.php?rest_route=%2Fwp%2Fv2%2Ftags&post=28806"}],"curies":[{"name":"wp","href":"https:\/\/api.w.org\/{rel}","templated":true}]}}