{"id":28808,"date":"2019-01-28T19:30:00","date_gmt":"2019-01-29T00:30:00","guid":{"rendered":"http:\/\/www.revistazetta.com\/?p=28808"},"modified":"2019-01-28T19:31:34","modified_gmt":"2019-01-29T00:31:34","slug":"emeterio-montes-diserto-chile-foro-libertad-democracia","status":"publish","type":"post","link":"https:\/\/revistazetta.com\/?p=28808","title":{"rendered":"Emeterio Montes disert\u00f3 en Chile en el foro \u201cLibertad y Democracia\u201d"},"content":{"rendered":"<p>El representante a la C\u00e1mara por Bol\u00edvar, Emeterio Montes, ha regresado al pa\u00eds luego de acudir como invitado especial en Chile al\u00a0foro \u00abLibertad y Democracia\u00bb, con la participaci\u00f3n de j\u00f3venes de 17 pa\u00edses de America Latina, congregados para conversar sobre los retos de la democracia en el contexto de las dictaduras de Venezuela \u00a0y Nicaragua<\/p>\n<p>Montes hizo una radiograf\u00eda de la situaci\u00f3n actual de la democracia en Colombia y se\u00f1al\u00f3 que es determinante para la regi\u00f3n que se acabe la dictadura de Nicol\u00e1s Maduro en Venezuela, y se avance en la transici\u00f3n bajo la gesti\u00f3n del presidente interino Juan Guaid\u00f3.<\/p>\n<p><img loading=\"lazy\" decoding=\"async\" class=\"alignright size-medium wp-image-28811\" src=\"https:\/\/www.revistazetta.com\/wp-content\/uploads\/2019\/01\/Emeterio-Chile-2-300x240.jpg\" alt=\"\" width=\"300\" height=\"240\" srcset=\"https:\/\/revistazetta.com\/wp-content\/uploads\/2019\/01\/Emeterio-Chile-2-300x240.jpg 300w, https:\/\/revistazetta.com\/wp-content\/uploads\/2019\/01\/Emeterio-Chile-2-183x146.jpg 183w, https:\/\/revistazetta.com\/wp-content\/uploads\/2019\/01\/Emeterio-Chile-2-50x40.jpg 50w, https:\/\/revistazetta.com\/wp-content\/uploads\/2019\/01\/Emeterio-Chile-2-94x75.jpg 94w, https:\/\/revistazetta.com\/wp-content\/uploads\/2019\/01\/Emeterio-Chile-2.jpg 725w\" sizes=\"auto, (max-width: 300px) 100vw, 300px\" \/>Montes visit\u00f3 al presidente Sebasti\u00e1n Pi\u00f1era en el Palacio de la Moneda, en Santiago, y tambi\u00e9n acudi\u00f3 en Valpara\u00edso a la sede del Congreso Nacional de <b>Chile, p<\/b>articipando con m\u00e1s de 30 j\u00f3venes de Am\u00e9rica Latina, l\u00edderes pol\u00edticos y activistas en pro de los derechos democr\u00e1ticos de la regi\u00f3n.<\/p>\n<p>Montes agradeci\u00f3 a la\u00a0Red Latinoamericana de J\u00f3venes por la Democracia\u00a0la invitaci\u00f3n para participar en este evento.<\/p>\n<p>El dirigente resalt\u00f3 el encuentro que tuvo con el l\u00edder venezolano Lorent Saleh, un joven que afront\u00f3 la crueldad del r\u00e9gimen de Nicol\u00e1s maduro cuando el expresidente Juan Manuel Santos se lo entreg\u00f3.<\/p>\n<p>\u00abLa represi\u00f3n del chavismo y de Nicol\u00e1s Maduro ha dejado mas de 5.500 personas muertas y un sinn\u00famero de secuestrados por el r\u00e9gimen.\u00a0Lamentable que el gobierno de Juan Manuel Santos haya sido permisivo en la entrega al Sebin de este joven l\u00edder quien fue secuestrado posteriormente.\u00a0Rechazo de manera vehemente todo acto de cobard\u00eda que perjudique a nuestro pueblo hermano.\u00a0Venezuela NO est\u00e1s sola, Colombia est\u00e1 contigo\u00bb, dijo Emeterio Montes en su cuenta de Twitter.<\/p>\n<p>En el Foro Regional Juventud y Democracia en Santiago de Chile se adelantaron jornadas de trabajo y presentaci\u00f3n de situaciones de cada pa\u00eds por los representantes delegados presentes.<\/p>\n<p><img loading=\"lazy\" decoding=\"async\" class=\"alignright wp-image-28810 size-full\" src=\"https:\/\/www.revistazetta.com\/wp-content\/uploads\/2019\/01\/Emeterio-Chile-1.jpg\" alt=\"\" width=\"725\" height=\"362\" srcset=\"https:\/\/revistazetta.com\/wp-content\/uploads\/2019\/01\/Emeterio-Chile-1.jpg 725w, https:\/\/revistazetta.com\/wp-content\/uploads\/2019\/01\/Emeterio-Chile-1-300x150.jpg 300w, https:\/\/revistazetta.com\/wp-content\/uploads\/2019\/01\/Emeterio-Chile-1-260x130.jpg 260w, https:\/\/revistazetta.com\/wp-content\/uploads\/2019\/01\/Emeterio-Chile-1-50x25.jpg 50w, https:\/\/revistazetta.com\/wp-content\/uploads\/2019\/01\/Emeterio-Chile-1-150x75.jpg 150w\" sizes=\"auto, (max-width: 725px) 100vw, 725px\" \/><\/p>\n<p>En la visita al Presidente Sebasti\u00e1n Pi\u00f1era, el mandatario chileno afirm\u00f3 que \u201cen nuestro continente estamos viviendo tiempos muy dif\u00edcil y con muchos contrastes. Hay pa\u00edses que estamos avanzando a pie firme por el camino de la democracia, de la libertad, del respeto a los Derechos Humanos, buscar mayores niveles de igualdad y oportunidades, mayores niveles de justicia social\u201d.<\/p>\n<p>El Jefe de Estado explic\u00f3 que tambi\u00e9n<strong> \u201chay otros pa\u00edses que, adem\u00e1s de los desaf\u00edos del siglo XXI que son gigantescos, est\u00e1n enfrentando verdaderas tragedias en su interior que es b\u00e1sicamente la p\u00e9rdida de las libertades. Cuando no hay libertad viene la dictadura, el atropello a los Derechos Humanos, las arbitrariedades y los abusos\u201d.<\/strong><\/p>\n<p>En esa l\u00ednea, la Ministra Cecilia P\u00e9rez destac\u00f3 que<strong> \u201cnosotros creemos que, m\u00e1s all\u00e1 de las diferencias pol\u00edticas, todas las voces de los liderazgos mundiales que abrazan la democracia y que rechazan cualquier tipo de dictadura, tenemos que unirnos para poder tener pueblos que finalmente sean respetados en sus Derechos Humanos, en sus libertades y en su dignidad\u201d.<\/strong><\/p>\n","protected":false},"excerpt":{"rendered":"<p>El representante a la C\u00e1mara por Bol\u00edvar, Emeterio Montes, ha regresado al pa\u00eds luego de acudir como invitado especial en Chile al\u00a0foro \u00abLibertad y Democracia\u00bb, con la participaci\u00f3n de j\u00f3venes de 17 pa\u00edses de America Latina, congregados para conversar sobre los retos de la democracia en el contexto de las dictaduras de Venezuela \u00a0y Nicaragua Montes hizo una radiograf\u00eda de la situaci\u00f3n actual de la democracia en Colombia y se\u00f1al\u00f3 que es determinante para la regi\u00f3n que se acabe la dictadura de Nicol\u00e1s Maduro en Venezuela, y se avance en&#8230; <\/p>\n","protected":false},"author":3,"featured_media":28809,"comment_status":"open","ping_status":"closed","sticky":false,"template":"","format":"standard","meta":{"footnotes":"","_links_to":"","_links_to_target":""},"categories":[75,4],"tags":[],"class_list":["post-28808","post","type-post","status-publish","format-standard","has-post-thumbnail","hentry","category-destacada","category-politica"],"_links":{"self":[{"href":"https:\/\/revistazetta.com\/index.php?rest_route=\/wp\/v2\/posts\/28808","targetHints":{"allow":["GET"]}}],"collection":[{"href":"https:\/\/revistazetta.com\/index.php?rest_route=\/wp\/v2\/posts"}],"about":[{"href":"https:\/\/revistazetta.com\/index.php?rest_route=\/wp\/v2\/types\/post"}],"author":[{"embeddable":true,"href":"https:\/\/revistazetta.com\/index.php?rest_route=\/wp\/v2\/users\/3"}],"replies":[{"embeddable":true,"href":"https:\/\/revistazetta.com\/index.php?rest_route=%2Fwp%2Fv2%2Fcomments&post=28808"}],"version-history":[{"count":0,"href":"https:\/\/revistazetta.com\/index.php?rest_route=\/wp\/v2\/posts\/28808\/revisions"}],"wp:featuredmedia":[{"embeddable":true,"href":"https:\/\/revistazetta.com\/index.php?rest_route=\/wp\/v2\/media\/28809"}],"wp:attachment":[{"href":"https:\/\/revistazetta.com\/index.php?rest_route=%2Fwp%2Fv2%2Fmedia&parent=28808"}],"wp:term":[{"taxonomy":"category","embeddable":true,"href":"https:\/\/revistazetta.com\/index.php?rest_route=%2Fwp%2Fv2%2Fcategories&post=28808"},{"taxonomy":"post_tag","embeddable":true,"href":"https:\/\/revistazetta.com\/index.php?rest_route=%2Fwp%2Fv2%2Ftags&post=28808"}],"curies":[{"name":"wp","href":"https:\/\/api.w.org\/{rel}","templated":true}]}}