{"id":28813,"date":"2019-01-29T11:02:18","date_gmt":"2019-01-29T16:02:18","guid":{"rendered":"http:\/\/www.revistazetta.com\/?p=28813"},"modified":"2019-01-29T11:19:07","modified_gmt":"2019-01-29T16:19:07","slug":"serie-del-caribe-beisbol-sera-panama-no-venezuela","status":"publish","type":"post","link":"https:\/\/revistazetta.com\/?p=28813","title":{"rendered":"Serie del Caribe de B\u00e9isbol ser\u00e1 en Panam\u00e1, no en Venezuela"},"content":{"rendered":"<p>El portal especializado www.espndeportes.com emiti\u00f3 este despacho alusivo a la Serie del Caribe de B\u00e9isbol, as\u00ed:<\/p>\n<p>ORLANDO, Florida &#8212; La Serie del Caribe del 2019 se celebrar\u00e1 del 4 al 10 de febrero en el estadio Nacional Rod Carew de Ciudad Panam\u00e1, anunci\u00f3 el lunes la Confederaci\u00f3n de B\u00e9isbol Profesional del Caribe (CBPC).<\/p>\n<p>\u00abLuego de ingentes esfuerzos, montaremos la Serie del Caribe del 2019 en Ciudad Panam\u00e1. Van a jugar todos los pa\u00edses de la confederaci\u00f3n y Panam\u00e1\u00bb, dijo el comisionado del b\u00e9isbol del Caribe, Juan Francisco Puello Herrera.<\/p>\n<p>El evento, que enfrenta anualmente a los equipos campeones de los torneos de pelota invernal de Cuba, M\u00e9xico, Puerto Rico, Rep\u00fablica Dominicana y Venezuela, estaba programado originalmente para jugarse en el estadio Antonio Herrera Guti\u00e9rrez de Barquisimeto, Venezuela, pero fue mudado de emergencia debido a la crisis pol\u00edtica que vive el pa\u00eds sudamericano desde la semana pasada.<\/p>\n<p>En el Rod Carew, que tiene capacidad para 27 mil aficionados, competir\u00e1n seis equipos: Le\u00f1adores de Las Tunas (Cuba), Estrellas Orientales (Rep\u00fablica Dominicana), Cangrejeros de Santurce (Puerto Rico), Cardenales de Lara (Venezuela), Toros de Herrera (Panam\u00e1) y el ganador de la final de la final de Liga Mexicana del Pac\u00edfico, que Charros de Jalisco domina 3-2 sobre Yaquis de Ciudad Obreg\u00f3n.<\/p>\n<p>\u00abFue un evento traum\u00e1tico encontrar una sede alterna, pero gracias a Dios el trabajo dio sus frutos. Hemos aprendido una lecci\u00f3n: Tenemos m\u00e1s plazas de las que consider\u00e1bamos anteriormente\u00bb, agreg\u00f3 el principal directivo de la Confederaci\u00f3n del Caribe. \u00abDoy gracias a Dios por haber pido salir adelante\u00bb, dijo Puello Herrera.<\/p>\n<p>Cuba enfrentar\u00e1 a Rep\u00fablica Dominicana en el partido inaugural, mientras que Panam\u00e1 debutar\u00e1 en el segundo d\u00eda de las acciones, adelant\u00f3 la confederaci\u00f3n.<\/p>\n<p>Por segundo a\u00f1o consecutivo, la CBPC tuvo que retirar la sede de la Serie del Caribe a Barquisimeto. El a\u00f1o pasado, el torneo fue mudado a Guadalajara, M\u00e9xico, pero, a diferencia de ahora, la decisi\u00f3n se tom\u00f3 con varios meses de antelaci\u00f3n. En los \u00faltimos 50 a\u00f1os, el evento solamente se cancel\u00f3 en 1981, cuando tambi\u00e9n correspond\u00eda el turno de montarlo a Venezuela.<\/p>\n","protected":false},"excerpt":{"rendered":"<p>El portal especializado www.espndeportes.com emiti\u00f3 este despacho alusivo a la Serie del Caribe de B\u00e9isbol, as\u00ed: ORLANDO, Florida &#8212; La Serie del Caribe del 2019 se celebrar\u00e1 del 4 al 10 de febrero en el estadio Nacional Rod Carew de Ciudad Panam\u00e1, anunci\u00f3 el lunes la Confederaci\u00f3n de B\u00e9isbol Profesional del Caribe (CBPC). \u00abLuego de ingentes esfuerzos, montaremos la Serie del Caribe del 2019 en Ciudad Panam\u00e1. Van a jugar todos los pa\u00edses de la confederaci\u00f3n y Panam\u00e1\u00bb, dijo el comisionado del b\u00e9isbol del Caribe, Juan Francisco Puello Herrera. El&#8230; <\/p>\n","protected":false},"author":3,"featured_media":28816,"comment_status":"open","ping_status":"closed","sticky":false,"template":"","format":"standard","meta":{"footnotes":"","_links_to":"","_links_to_target":""},"categories":[75,55,53],"tags":[],"class_list":["post-28813","post","type-post","status-publish","format-standard","has-post-thumbnail","hentry","category-destacada","category-beisbol","category-deportes"],"_links":{"self":[{"href":"https:\/\/revistazetta.com\/index.php?rest_route=\/wp\/v2\/posts\/28813","targetHints":{"allow":["GET"]}}],"collection":[{"href":"https:\/\/revistazetta.com\/index.php?rest_route=\/wp\/v2\/posts"}],"about":[{"href":"https:\/\/revistazetta.com\/index.php?rest_route=\/wp\/v2\/types\/post"}],"author":[{"embeddable":true,"href":"https:\/\/revistazetta.com\/index.php?rest_route=\/wp\/v2\/users\/3"}],"replies":[{"embeddable":true,"href":"https:\/\/revistazetta.com\/index.php?rest_route=%2Fwp%2Fv2%2Fcomments&post=28813"}],"version-history":[{"count":0,"href":"https:\/\/revistazetta.com\/index.php?rest_route=\/wp\/v2\/posts\/28813\/revisions"}],"wp:featuredmedia":[{"embeddable":true,"href":"https:\/\/revistazetta.com\/index.php?rest_route=\/wp\/v2\/media\/28816"}],"wp:attachment":[{"href":"https:\/\/revistazetta.com\/index.php?rest_route=%2Fwp%2Fv2%2Fmedia&parent=28813"}],"wp:term":[{"taxonomy":"category","embeddable":true,"href":"https:\/\/revistazetta.com\/index.php?rest_route=%2Fwp%2Fv2%2Fcategories&post=28813"},{"taxonomy":"post_tag","embeddable":true,"href":"https:\/\/revistazetta.com\/index.php?rest_route=%2Fwp%2Fv2%2Ftags&post=28813"}],"curies":[{"name":"wp","href":"https:\/\/api.w.org\/{rel}","templated":true}]}}