{"id":28814,"date":"2019-01-29T10:54:52","date_gmt":"2019-01-29T15:54:52","guid":{"rendered":"http:\/\/www.revistazetta.com\/?p=28814"},"modified":"2019-01-29T11:04:49","modified_gmt":"2019-01-29T16:04:49","slug":"no-tenemos-candidato-este-momento-dice-naciente-movimiento-unidos-cartagena","status":"publish","type":"post","link":"https:\/\/revistazetta.com\/?p=28814","title":{"rendered":"\u00abNo tenemos candidato en este momento\u00bb dice naciente movimiento \u00abUnidos por Cartagena\u00bb"},"content":{"rendered":"<p>El naciente movimiento c\u00edvico &#8211; pol\u00edtico denominado \u00abUnidos por Cartagena\u00bb, conformado por empresarios de la ciudad y dirigentes gremiales, expidi\u00f3 un comunicado en el que especifica que todav\u00eda no tiene un candidato a la Alcald\u00eda definido.<\/p>\n<p>&nbsp;<\/p>\n<p><strong>El movimiento c\u00edvico \u201cUNIDOS POR CARTAGENA, se permite informar a la ciudadan\u00eda lo siguiente:<\/strong><\/p>\n<p>&nbsp;<\/p>\n<ol>\n<li>UNIDOS POR CARTAGENA es un movimiento ciudadano supraideolog\u00eda y suprapartidista, que nos une el amor por la ciudad y el inter\u00e9s por el bienestar com\u00fan, tenemos como prop\u00f3sito unirnos para elegir un buen gobernante en las pr\u00f3ximas elecciones a la Alcald\u00eda de Cartagena.<\/li>\n<li>Tenemos como eslogan, \u201cNi un corrupto m\u00e1s\u201d, el cual ha sido el resultado de un sentir generalizado en una ciudadan\u00eda que est\u00e1 cansada de que la ciudad se desangre por cuenta de los malos gobiernos, que dan cuenta a favores personales y no colectivos. As\u00ed lo hemos confirmado en los procesos de di\u00e1logo y especializaci\u00f3n que hemos tenido con distintos grupos poblacionales de Cartagena. Este eslogan es una invitaci\u00f3n a trabajar UNIDOS POR CARTAGENA para vencer la corrupci\u00f3n y garantizar una buena gesti\u00f3n p\u00fablica en las pr\u00f3ximas elecciones.<\/li>\n<li>NO TENEMOS CANDIDATO OFICIAL en este momento, si bien pueden existir intereses de Fernando Araujo Perdomo y otros empresarios en aspirar a la alcald\u00eda de Cartagena, para ser candidato del movimiento hay que pasar por un proceso de evaluaci\u00f3n objetivo y meritocr\u00e1tico, que combina el di\u00e1logo con la comunidad, la aplicaci\u00f3n de un modelo de evaluaci\u00f3n construido a partir de competencias que establece Funci\u00f3n P\u00fablica para los servidores p\u00fablicos, y una encuesta ciudadana que definir\u00e1 el aspirante oficial de UNIDOS POR CARTAGENA.<\/li>\n<li>En UNIDOS POR CARTAGENA nos une el sue\u00f1o de construir una ciudad prospera, libre de pobreza extrema, que garantice el bienestar de todos sus habitantes. Es la expresi\u00f3n de un colectivo ciudadano que se une en el deseo de cambiar la realidad de Cartagena y abrir el camino de los buenos gobiernos.<\/li>\n<li>Por \u00faltimo, en pocos d\u00edas anunciaremos la fecha del lanzamiento oficial del movimiento, haciendo p\u00fablica la invitaci\u00f3n a la ciudadan\u00eda interesada en participar y unirse a este proceso que busca sentar las bases para la transformaci\u00f3n que necesita la ciudad.<\/li>\n<\/ol>\n<p>&nbsp;<\/p>\n<p><strong>Movimiento Unidos por Cartagena<\/strong><\/p>\n","protected":false},"excerpt":{"rendered":"<p>El naciente movimiento c\u00edvico &#8211; pol\u00edtico denominado \u00abUnidos por Cartagena\u00bb, conformado por empresarios de la ciudad y dirigentes gremiales, expidi\u00f3 un comunicado en el que especifica que todav\u00eda no tiene un candidato a la Alcald\u00eda definido. &nbsp; El movimiento c\u00edvico \u201cUNIDOS POR CARTAGENA, se permite informar a la ciudadan\u00eda lo siguiente: &nbsp; UNIDOS POR CARTAGENA es un movimiento ciudadano supraideolog\u00eda y suprapartidista, que nos une el amor por la ciudad y el inter\u00e9s por el bienestar com\u00fan, tenemos como prop\u00f3sito unirnos para elegir un buen gobernante en las pr\u00f3ximas elecciones&#8230; <\/p>\n","protected":false},"author":3,"featured_media":28815,"comment_status":"open","ping_status":"closed","sticky":false,"template":"","format":"standard","meta":{"footnotes":"","_links_to":"","_links_to_target":""},"categories":[75,4],"tags":[],"class_list":["post-28814","post","type-post","status-publish","format-standard","has-post-thumbnail","hentry","category-destacada","category-politica"],"_links":{"self":[{"href":"https:\/\/revistazetta.com\/index.php?rest_route=\/wp\/v2\/posts\/28814","targetHints":{"allow":["GET"]}}],"collection":[{"href":"https:\/\/revistazetta.com\/index.php?rest_route=\/wp\/v2\/posts"}],"about":[{"href":"https:\/\/revistazetta.com\/index.php?rest_route=\/wp\/v2\/types\/post"}],"author":[{"embeddable":true,"href":"https:\/\/revistazetta.com\/index.php?rest_route=\/wp\/v2\/users\/3"}],"replies":[{"embeddable":true,"href":"https:\/\/revistazetta.com\/index.php?rest_route=%2Fwp%2Fv2%2Fcomments&post=28814"}],"version-history":[{"count":0,"href":"https:\/\/revistazetta.com\/index.php?rest_route=\/wp\/v2\/posts\/28814\/revisions"}],"wp:featuredmedia":[{"embeddable":true,"href":"https:\/\/revistazetta.com\/index.php?rest_route=\/wp\/v2\/media\/28815"}],"wp:attachment":[{"href":"https:\/\/revistazetta.com\/index.php?rest_route=%2Fwp%2Fv2%2Fmedia&parent=28814"}],"wp:term":[{"taxonomy":"category","embeddable":true,"href":"https:\/\/revistazetta.com\/index.php?rest_route=%2Fwp%2Fv2%2Fcategories&post=28814"},{"taxonomy":"post_tag","embeddable":true,"href":"https:\/\/revistazetta.com\/index.php?rest_route=%2Fwp%2Fv2%2Ftags&post=28814"}],"curies":[{"name":"wp","href":"https:\/\/api.w.org\/{rel}","templated":true}]}}