{"id":28818,"date":"2019-01-29T21:44:49","date_gmt":"2019-01-30T02:44:49","guid":{"rendered":"http:\/\/www.revistazetta.com\/?p=28818"},"modified":"2019-01-29T21:44:49","modified_gmt":"2019-01-30T02:44:49","slug":"la-presidencia-unir-medio-las-diferencias-presidente-duque","status":"publish","type":"post","link":"https:\/\/revistazetta.com\/?p=28818","title":{"rendered":"La Presidencia tiene que ser para unir en medio de las diferencias: Presidente Duque"},"content":{"rendered":"<p><strong><i>El Mandatario intervino en el \u2018Gran Foro Colombia 2019: \u00bfPara d\u00f3nde va el pa\u00eds?\u2019, efectuado en Cartagena, donde pidi\u00f3 cambiar el \u201cchip\u201d y, en lugar de buscar argumentos para destruir, buscarlos para construir con el otro\u201d.<\/i><\/strong><\/p>\n<p>El Presidente de la Rep\u00fablica, Iv\u00e1n Duque, afirm\u00f3 este martes que la Presidencia tiene que ser para unir en medio de las diferencias, y pidi\u00f3 desarmar los esp\u00edritus y cambiar el chip, para construir en lugar de destruir.<\/p>\n<p>As\u00ed lo manifest\u00f3 el Mandatario en el \u2018Gran Foro Colombia 2019: \u00bfPara d\u00f3nde va el pa\u00eds?, organizado por la revista Semana, que se llev\u00f3 a cabo en el hotel Intercontinental, de Cartagena.<\/p>\n<p>El Jefe de Estado record\u00f3 que este a\u00f1o se celebra el Bicentenario de la Rep\u00fablica y pidi\u00f3 aprovechar la ocasi\u00f3n para \u201creflexionar sobre nuestra historia\u201d.<\/p>\n<p>\u201cLa Presidencia tiene que ser para unir en medio de las diferencias. Y yo creo que el reto que tenemos todos nosotros es que, por un rato, desarmemos muchas veces los esp\u00edritus ideol\u00f3gicos de tratar de siempre de buscar d\u00f3nde est\u00e1 ese argumento donde destrozo al otro. No, cambiemos el chip: d\u00f3nde est\u00e1 el argumento con el cual puedo construir con el otro\u201d, expres\u00f3<\/p>\n<p>Record\u00f3 que cuando lleg\u00f3 a la Presidencia les dijo a los colombianos que quer\u00eda ejercer el cargo \u201csin que el p\u00falpito presidencial fuera un ente polarizador. Lo he hecho y no dejar\u00e9 de hacerlo\u201d,\u00a0 subray\u00f3.<\/p>\n<p>El Mandatario se refiri\u00f3 al t\u00edtulo del foro y se\u00f1al\u00f3 que la pregunta debe ser \u201cpara d\u00f3nde queremos que vaya Colombia\u201d, tras lo cual expuso las l\u00edneas principales del Plan Nacional de Desarrollo \u2018Pacto por Colombia, Pacto por la equidad\u2019, que propuso al pa\u00eds.<\/p>\n<p>Dijo que en la discusi\u00f3n de esta hoja de ruta que plantea para el pa\u00eds \u201chemos tenido una gran participaci\u00f3n a trav\u00e9s de las redes sociales, donde hemos tenido m\u00e1s de 3 millones de visitantes a la plataforma y m\u00e1s de 14.000 propuestas\u201d.<\/p>\n<p>Reiter\u00f3 que ese programa debe ser \u201cno el Plan de Desarrollo de Duque, sino el Plan de Desarrollo de Colombia en estos cuatro a\u00f1os\u201d.<\/p>\n<p>\u201c\u00bfD\u00f3nde queremos que est\u00e9 Colombia? Queremos que Colombia sea un pa\u00eds de ingreso alto; que sea un pa\u00eds que cierre esas brechas; que sea un pa\u00eds que, donde vea el crimen, tenga el rechazo absoluto de toda la sociedad colombiana\u201d, se\u00f1al\u00f3 el Jefe de Estado.<\/p>\n<p>Agreg\u00f3 que \u201cestos 200 a\u00f1os son para que cuando cantemos el Himno y nos pongamos la mano en el coraz\u00f3n, nos sintamos orgullosos de ser colombianos. Y hoy m\u00e1s que nunca entendamos que llegar a ser ese pa\u00eds de ingreso alto empieza con lo que estamos haciendo y con lo que han hecho otros, y ese tiene que ser un prop\u00f3sito para transformarnos como sociedad\u201d.<\/p>\n<p>\u201cLos invito a eso, a construir pa\u00eds\u201d, concluy\u00f3 el Presidente Iv\u00e1n Duque.<\/p>\n","protected":false},"excerpt":{"rendered":"<p>El Mandatario intervino en el \u2018Gran Foro Colombia 2019: \u00bfPara d\u00f3nde va el pa\u00eds?\u2019, efectuado en Cartagena, donde pidi\u00f3 cambiar el \u201cchip\u201d y, en lugar de buscar argumentos para destruir, buscarlos para construir con el otro\u201d. El Presidente de la Rep\u00fablica, Iv\u00e1n Duque, afirm\u00f3 este martes que la Presidencia tiene que ser para unir en medio de las diferencias, y pidi\u00f3 desarmar los esp\u00edritus y cambiar el chip, para construir en lugar de destruir. As\u00ed lo manifest\u00f3 el Mandatario en el \u2018Gran Foro Colombia 2019: \u00bfPara d\u00f3nde va el pa\u00eds?,&#8230; <\/p>\n","protected":false},"author":3,"featured_media":28819,"comment_status":"open","ping_status":"closed","sticky":false,"template":"","format":"standard","meta":{"footnotes":"","_links_to":"","_links_to_target":""},"categories":[2,75,35],"tags":[],"class_list":["post-28818","post","type-post","status-publish","format-standard","has-post-thumbnail","hentry","category-actualidad","category-destacada","category-actualidad-nacion"],"_links":{"self":[{"href":"https:\/\/revistazetta.com\/index.php?rest_route=\/wp\/v2\/posts\/28818","targetHints":{"allow":["GET"]}}],"collection":[{"href":"https:\/\/revistazetta.com\/index.php?rest_route=\/wp\/v2\/posts"}],"about":[{"href":"https:\/\/revistazetta.com\/index.php?rest_route=\/wp\/v2\/types\/post"}],"author":[{"embeddable":true,"href":"https:\/\/revistazetta.com\/index.php?rest_route=\/wp\/v2\/users\/3"}],"replies":[{"embeddable":true,"href":"https:\/\/revistazetta.com\/index.php?rest_route=%2Fwp%2Fv2%2Fcomments&post=28818"}],"version-history":[{"count":0,"href":"https:\/\/revistazetta.com\/index.php?rest_route=\/wp\/v2\/posts\/28818\/revisions"}],"wp:featuredmedia":[{"embeddable":true,"href":"https:\/\/revistazetta.com\/index.php?rest_route=\/wp\/v2\/media\/28819"}],"wp:attachment":[{"href":"https:\/\/revistazetta.com\/index.php?rest_route=%2Fwp%2Fv2%2Fmedia&parent=28818"}],"wp:term":[{"taxonomy":"category","embeddable":true,"href":"https:\/\/revistazetta.com\/index.php?rest_route=%2Fwp%2Fv2%2Fcategories&post=28818"},{"taxonomy":"post_tag","embeddable":true,"href":"https:\/\/revistazetta.com\/index.php?rest_route=%2Fwp%2Fv2%2Ftags&post=28818"}],"curies":[{"name":"wp","href":"https:\/\/api.w.org\/{rel}","templated":true}]}}