{"id":28820,"date":"2019-01-29T22:02:58","date_gmt":"2019-01-30T03:02:58","guid":{"rendered":"http:\/\/www.revistazetta.com\/?p=28820"},"modified":"2019-01-29T22:02:58","modified_gmt":"2019-01-30T03:02:58","slug":"matriculados-200-ninos-del-corregimiento-salado-carmen-bolivar","status":"publish","type":"post","link":"https:\/\/revistazetta.com\/?p=28820","title":{"rendered":"Matriculados 200 ni\u00f1os del corregimiento de El Salado, Carmen de Bol\u00edvar"},"content":{"rendered":"<blockquote><p><strong><em>La jornada de matr\u00edcula denominada \u201cTodos a las Aulas\u201d, es una estrategia de permanencia dise\u00f1ada por la administraci\u00f3n del gobierno del \u201cBol\u00edvar S\u00ed Avanza\u201d, con el prop\u00f3sito de que ning\u00fan ni\u00f1o, ni\u00f1a y joven se quede por fuera de las aulas en el a\u00f1o lectivo acad\u00e9mico 2019. Los chicos recibieron adem\u00e1s kits escolares, como incentivo y motivaci\u00f3n adicional.\u00a0\u00a0<\/em><\/strong><\/p><\/blockquote>\n<p>Con el prop\u00f3sito\u00a0\u00a0de alcanzar cobertura\u00a0\u00a0educativa total\u00a0\u00a0y garantizar el derecho a la educaci\u00f3n de los ni\u00f1os, ni\u00f1as y j\u00f3venes en cada uno de los 44 municipios no certificados del departamento de Bol\u00edvar, el gobierno del \u201cBol\u00edvar S\u00ed Avanza\u201d, que lidera el primer mandatario de los bolivarenses Dumek Turbay Paz, a trav\u00e9s de la Secretar\u00eda de Educaci\u00f3n, adelantan la campa\u00f1a \u201cTodas a las Aulas\u201d que ha permitido incorporar en los \u00faltimos 15 d\u00edas 25 mil estudiantes al sistema educativo oficial de Bol\u00edvar.<\/p>\n<p>De acuerdo con el\u00a0\u00a0Sistema de Informaci\u00f3n de Matr\u00edcula &#8211; (SIMAT), a la fecha hay registrados en los <strong>224<\/strong> establecimientos educativos oficiales del departamento <strong>194.300<\/strong> ni\u00f1os, ni\u00f1as y j\u00f3venes, faltando solo por matricular, de acuerdo a la capacidad instalada de las escuelas\u00a0\u00a0<strong>31.536 <\/strong>estudiantes, para alcanzar la proyecci\u00f3n de cupos en el nuevo a\u00f1o lectivo 2019, que es de <strong>225.836<\/strong> chicos matriculados.<\/p>\n<p>La jornada escolar se desarroll\u00f3 en la Instituci\u00f3n Educativa T\u00e9cnica Agropecuaria El Salado, en El Carmen de Bol\u00edvar, con la presencia de funcionarios de la Secretar\u00eda de Educaci\u00f3n, quienes motivaron a los docentes, padres de familia y estudiantes a trabajar unidos para lograr que este a\u00f1o ning\u00fan ni\u00f1o,\u00a0\u00a0ni\u00f1a o joven se quede por fuera del sistema educativo oficial.<\/p>\n<p>Con una puesta en escena pedag\u00f3gica y did\u00e1ctica se explic\u00f3 a los presentes la importancia de asistir a las clases; al tiempo que recibieron una dotaci\u00f3n de kits escolares que beneficia a cerca de 200 alumnos de esta instituci\u00f3n educativa, como parte de la campa\u00f1a \u201cTodos a las Aulas\u201d, del gobierno del \u00abBol\u00edvar S\u00ed Avanza\u00bb, que lidera el gobernador Dumek Turbay Paz.<\/p>\n<p>La m\u00e1xima autoridad educativa de Bol\u00edvar, Robinson Casarrubia Cardona, asever\u00f3 que seguir\u00e1n visitando m\u00e1s poblaciones del departamento, con el firme prop\u00f3sito de\u00a0\u00a0incentivar con la campa\u00f1a de matr\u00edcula \u201cTodos a las Aulas\u201d al mayor n\u00famero de estudiantes que actualmente no se han acercado a las escuelas para matricularse.<\/p>\n<p>\u201cLa meta de la administraci\u00f3n del \u201cBol\u00edvar S\u00ed Avanza\u201d que lidera el gobernador, Dumek Turbay Paz es garantizar el derecho a una educaci\u00f3n digna, mediante acciones que aseguren el acceso y la permanencia de la poblaci\u00f3n estudiantil en los establecimientos educativos oficiales de Bol\u00edvar, para lograr afrontar el nuevo proceso de matr\u00edcula y alcanzar cobertura total educativa en cada rinc\u00f3n de la geograf\u00eda bolivarense\u201d, asegur\u00f3, Hilda Castillo Mart\u00ednez, directora de Cobertura Educativa de Bol\u00edvar.<\/p>\n<p>Sixta Beltr\u00e1n, coordinadora acad\u00e9mica, de la sede de primaria de la instituci\u00f3n educativa de El Salado, precis\u00f3 que la estrategia de la Secretar\u00eda de Educaci\u00f3n departamental, les motiva a seguir adelante.<\/p>\n<p>\u201cMe ha parecido una actividad muy buena esta jornada educativa porque adem\u00e1s de motivarlos e incentivarlos, es una de las herramientas buenas para que\u00a0\u00a0vengan con m\u00e1s ganas a la escuela, para que los padres de familia que est\u00e1n presentes se den cuenta que no estamos abandonados y agradecemos a la Secretar\u00eda de Educaci\u00f3n por tenernos en cuenta en estas actividades\u201d, dijo la educadora.<\/p>\n","protected":false},"excerpt":{"rendered":"<p>La jornada de matr\u00edcula denominada \u201cTodos a las Aulas\u201d, es una estrategia de permanencia dise\u00f1ada por la administraci\u00f3n del gobierno del \u201cBol\u00edvar S\u00ed Avanza\u201d, con el prop\u00f3sito de que ning\u00fan ni\u00f1o, ni\u00f1a y joven se quede por fuera de las aulas en el a\u00f1o lectivo acad\u00e9mico 2019. Los chicos recibieron adem\u00e1s kits escolares, como incentivo y motivaci\u00f3n adicional.\u00a0\u00a0 Con el prop\u00f3sito\u00a0\u00a0de alcanzar cobertura\u00a0\u00a0educativa total\u00a0\u00a0y garantizar el derecho a la educaci\u00f3n de los ni\u00f1os, ni\u00f1as y j\u00f3venes en cada uno de los 44 municipios no certificados del departamento de Bol\u00edvar, el&#8230; <\/p>\n","protected":false},"author":3,"featured_media":28821,"comment_status":"open","ping_status":"closed","sticky":false,"template":"","format":"standard","meta":{"footnotes":"","_links_to":"","_links_to_target":""},"categories":[75,83,80],"tags":[],"class_list":["post-28820","post","type-post","status-publish","format-standard","has-post-thumbnail","hentry","category-destacada","category-municipios","category-region"],"_links":{"self":[{"href":"https:\/\/revistazetta.com\/index.php?rest_route=\/wp\/v2\/posts\/28820","targetHints":{"allow":["GET"]}}],"collection":[{"href":"https:\/\/revistazetta.com\/index.php?rest_route=\/wp\/v2\/posts"}],"about":[{"href":"https:\/\/revistazetta.com\/index.php?rest_route=\/wp\/v2\/types\/post"}],"author":[{"embeddable":true,"href":"https:\/\/revistazetta.com\/index.php?rest_route=\/wp\/v2\/users\/3"}],"replies":[{"embeddable":true,"href":"https:\/\/revistazetta.com\/index.php?rest_route=%2Fwp%2Fv2%2Fcomments&post=28820"}],"version-history":[{"count":0,"href":"https:\/\/revistazetta.com\/index.php?rest_route=\/wp\/v2\/posts\/28820\/revisions"}],"wp:featuredmedia":[{"embeddable":true,"href":"https:\/\/revistazetta.com\/index.php?rest_route=\/wp\/v2\/media\/28821"}],"wp:attachment":[{"href":"https:\/\/revistazetta.com\/index.php?rest_route=%2Fwp%2Fv2%2Fmedia&parent=28820"}],"wp:term":[{"taxonomy":"category","embeddable":true,"href":"https:\/\/revistazetta.com\/index.php?rest_route=%2Fwp%2Fv2%2Fcategories&post=28820"},{"taxonomy":"post_tag","embeddable":true,"href":"https:\/\/revistazetta.com\/index.php?rest_route=%2Fwp%2Fv2%2Ftags&post=28820"}],"curies":[{"name":"wp","href":"https:\/\/api.w.org\/{rel}","templated":true}]}}