{"id":28824,"date":"2019-01-30T07:00:16","date_gmt":"2019-01-30T12:00:16","guid":{"rendered":"http:\/\/www.revistazetta.com\/?p=28824"},"modified":"2019-01-30T07:02:56","modified_gmt":"2019-01-30T12:02:56","slug":"aval-prima-firmas-aspiraciones-gobernacion","status":"publish","type":"post","link":"https:\/\/revistazetta.com\/?p=28824","title":{"rendered":"Aval prima sobre firmas en aspiraciones a Gobernaci\u00f3n"},"content":{"rendered":"<p>La obtenci\u00f3n del aval de un partido pol\u00edtico es la opci\u00f3n que se abre camino entre los aspirantes a la Gobernaci\u00f3n de Bol\u00edvar, pues recaudar firmas es secundaria.<\/p>\n<p>En las cuentas de los sectores pol\u00edticos se conocen siete aspirantes, y no se descarta que puedan aparecer dos o tres m\u00e1s.<\/p>\n<p>De los que est\u00e1n en el tapete, cuatro podr\u00edan hacer fila por un aval en el Partido Liberal: Luis Daniel Vargas, Fejed Al\u00ed, Alvaro Redondo y Jes\u00fas Payares. Y decimos \u00abpodr\u00edan\u00bb pues todo depende de c\u00f3mo evolucione el panorama pol\u00edtico.<\/p>\n<p>Por Cambio Radical es fija la aspiraci\u00f3n de Hernando Padau\u00ed, mientras que Carlos F\u00e9liz tantea el partido de la U, en cuya militancia fue diputado, y Vicente Blel Scaff, quien renunci\u00f3 a tiempo a Cambio Radical y tiene el camino despejado en el partido Conservador, donde su hermana Nadia Blel es senadora, y su padre es visible jefe pol\u00edtico.<\/p>\n<p>La congesti\u00f3n en las toldas liberales se explica en la preeminencia que tiene el gobernador de Bol\u00edvar, Dumek Turbay, y su primo hermano el senador Lidio Garc\u00eda Turbay, quien logr\u00f3 m\u00e1s de 120 mil votos para su reelecci\u00f3n en marzo pasado.<\/p>\n<p>El primero en pedir aval en el liberalismo fue Luis Daniel Vargas, quien siempre ha militado en esta colectividad; fue gobernador de Bol\u00edvar y casi resulta senador, de no ser porque a \u00faltima hora C\u00e9sar Gaviria le quit\u00f3 el aval. Hoy vuelven a verse las caras en circunstancias parecidas.<\/p>\n<p>Fejed Al\u00ed siempre ha sido visto como un \u00abgallo\u00bb del gobernador Turbay: sonaba para dirigir los Juegos Nacionales, luego para encabezar lista a la Camara, y ahora como aspirante a sucederlo.<\/p>\n<p>\u00c1lvaro Redondo tambi\u00e9n viene del gabinete de Turbay y formalmente dirigi\u00f3 una carta al senador Lidio Garc\u00eda, donde pide el aval liberal, y se somete a los procedimientos del partida.<\/p>\n<p>En cuanto a Jes\u00fas Payares Castillo, se trata de un dirigente de larga trayectoria, con origen en el liberalismo, y alianzas con la Casa Garc\u00eda y Opci\u00f3n Ciudadana. Se sabe que no descarta pedir aval liberal si encuentra garant\u00edas; tambi\u00e9n explora otras colectividades o la recolecci\u00f3n de firmas.<\/p>\n<p>Carlos F\u00e9liz Monsalve tiene un com\u00fan denominador con Fejed Al\u00ed y \u00c1lvaro Redondo: tambi\u00e9n proviene del gabinete del gobernador Dumek Turbay. Antes, fue diputado del partido de la U, tiene cercan\u00edas con la casas Garc\u00eda y Montes, pero es considerado cabeza de un grupo independiente. El camino del aval por la U podr\u00eda ser m\u00e1s despejado, pero no descartar\u00eda unas firmas.<\/p>\n<p>Hernando Padau\u00ed fue reelegido representante a la C\u00e1mara por Cambio Radical, con m\u00e1s de 80 mil votos en marzo pasado, y renunci\u00f3 a la curul para aspirar a la Gobernaci\u00f3n. La normatividad le impide migrar a otro partido o buscar firmas, por lo que su \u00fanico camino es el aval, y para fortuna suya, nadie m\u00e1s le disputa ese privilegio.<\/p>\n<p>El 26 de octubre de 2018 se conoci\u00f3 el \u00faltimo pronunciamiento de Vicente Blel Scaff, quien renunci\u00f3 a su curul en el Concejo y as\u00ed militancia en Cambio Radical. Ese d\u00eda public\u00f3 un tuit que dec\u00eda: \u00abDeseo informar que hasta el momento no he tomado ninguna decisi\u00f3n sobre mi participaci\u00f3n en el debate electoral del pr\u00f3ximo a\u00f1o. Por ahora, estoy enfocado en mi formaci\u00f3n y preparaci\u00f3n acad\u00e9mica\u00bb.<\/p>\n<p>Es visto como un candidato fuerte si decide aspirar, y tendr\u00eda el aval del partido Conservador, pero es imprescindible que lo diga.<\/p>\n<p>&nbsp;<\/p>\n<p>&nbsp;<\/p>\n<p>&nbsp;<\/p>\n","protected":false},"excerpt":{"rendered":"<p>La obtenci\u00f3n del aval de un partido pol\u00edtico es la opci\u00f3n que se abre camino entre los aspirantes a la Gobernaci\u00f3n de Bol\u00edvar, pues recaudar firmas es secundaria. En las cuentas de los sectores pol\u00edticos se conocen siete aspirantes, y no se descarta que puedan aparecer dos o tres m\u00e1s. De los que est\u00e1n en el tapete, cuatro podr\u00edan hacer fila por un aval en el Partido Liberal: Luis Daniel Vargas, Fejed Al\u00ed, Alvaro Redondo y Jes\u00fas Payares. Y decimos \u00abpodr\u00edan\u00bb pues todo depende de c\u00f3mo evolucione el panorama pol\u00edtico&#8230;. <\/p>\n","protected":false},"author":3,"featured_media":28825,"comment_status":"open","ping_status":"closed","sticky":false,"template":"","format":"standard","meta":{"footnotes":"","_links_to":"","_links_to_target":""},"categories":[75,4],"tags":[],"class_list":["post-28824","post","type-post","status-publish","format-standard","has-post-thumbnail","hentry","category-destacada","category-politica"],"_links":{"self":[{"href":"https:\/\/revistazetta.com\/index.php?rest_route=\/wp\/v2\/posts\/28824","targetHints":{"allow":["GET"]}}],"collection":[{"href":"https:\/\/revistazetta.com\/index.php?rest_route=\/wp\/v2\/posts"}],"about":[{"href":"https:\/\/revistazetta.com\/index.php?rest_route=\/wp\/v2\/types\/post"}],"author":[{"embeddable":true,"href":"https:\/\/revistazetta.com\/index.php?rest_route=\/wp\/v2\/users\/3"}],"replies":[{"embeddable":true,"href":"https:\/\/revistazetta.com\/index.php?rest_route=%2Fwp%2Fv2%2Fcomments&post=28824"}],"version-history":[{"count":0,"href":"https:\/\/revistazetta.com\/index.php?rest_route=\/wp\/v2\/posts\/28824\/revisions"}],"wp:featuredmedia":[{"embeddable":true,"href":"https:\/\/revistazetta.com\/index.php?rest_route=\/wp\/v2\/media\/28825"}],"wp:attachment":[{"href":"https:\/\/revistazetta.com\/index.php?rest_route=%2Fwp%2Fv2%2Fmedia&parent=28824"}],"wp:term":[{"taxonomy":"category","embeddable":true,"href":"https:\/\/revistazetta.com\/index.php?rest_route=%2Fwp%2Fv2%2Fcategories&post=28824"},{"taxonomy":"post_tag","embeddable":true,"href":"https:\/\/revistazetta.com\/index.php?rest_route=%2Fwp%2Fv2%2Ftags&post=28824"}],"curies":[{"name":"wp","href":"https:\/\/api.w.org\/{rel}","templated":true}]}}