{"id":28827,"date":"2019-01-30T07:10:22","date_gmt":"2019-01-30T12:10:22","guid":{"rendered":"http:\/\/www.revistazetta.com\/?p=28827"},"modified":"2019-01-30T07:10:22","modified_gmt":"2019-01-30T12:10:22","slug":"presidente-duque-ratifica-apoyo-macroproyectos-cartagena","status":"publish","type":"post","link":"https:\/\/revistazetta.com\/?p=28827","title":{"rendered":"Presidente Duque ratifica apoyo a macroproyectos de Cartagena"},"content":{"rendered":"<p>El Gobierno nacional se mantiene firme en apoyar los macroproyectos que se realizar\u00e1n en Cartagena, en especial las obras requeridas para recuperar el Canal del Dique y la ejecuci\u00f3n del Plan de Drenajes Pluviales, entre otros.<br \/>\nEl anuncio lo hizo esta noche el alcalde de Cartagena, Pedrito Pereira Caballero, al terminar una reuni\u00f3n con el presidente de Colombia, Iv\u00e1n Duque M\u00e1rquez, varios de sus ministros, funcionarios de los gobiernos distrital y departamental , y representantes de los gremios de la ciudad.<br \/>\n\u201cResaltamos la voluntad del gobierno nacional por haber dedicado un gran espacio para hablar de los macroproyectos, en especial de la gravedad del Canal del Dique, obra que dice el Presidente es prioridad para su gobierno. El presidente Duque se\u00f1al\u00f3 que es necesario estructurar el proyecto nuevamente a trav\u00e9s de la Agencia Nacional de Infraestructura (ANI)\u201d.<br \/>\nEl Alcalde advirti\u00f3 que se analizaron las distintas fuentes de financiaci\u00f3n del proyecto, labor que encomend\u00f3 a la ministra de Transportes, \u00c1ngela Mar\u00eda Orozco G\u00f3mez, quien debe trabajar en la b\u00fasqueda de la estructuraci\u00f3n financiera del Canal del Dique.<br \/>\nAprovechamos esta reuni\u00f3n para decirle al mandatario lo urgente que es para Cartagena y el departamento realizar las obras que se requieren para que no se vea afectado el suministro de agua para la ciudad y otros zonas de Bol\u00edvar.<br \/>\n\u201cEl Presidente manifest\u00f3 que en este gobierno se sacar\u00e1 adelante esta gran la obra del Canal del Dique\u201d, sostuvo Pereira Caballero.<br \/>\nTambi\u00e9n se habl\u00f3 de la importancia de sacar adelante el proyecto de Drenajes Pluviales.<br \/>\nSe le explic\u00f3 al presidente Duque los avances. \u201cSe le dijo que est\u00e1 en fase tres, en etapa de construcci\u00f3n, que no se pueden perder los dise\u00f1os, se estableci\u00f3 que hay toda la voluntad para que Findeter ara realizar las obras en los primeros nueva canales que fueron priorizados, los cuales tienen un valor de 190 mil millones de pesos, que se requiere la autorizaci\u00f3n del Concejo Distrital\u201d.<br \/>\nPereira Caballero se\u00f1alo que el Presidente al escuchar los avances de este proyecto fue m\u00e1s all\u00e1 y plante\u00f3 la posibilidad de conseguir recursos con la banca multilateral (BID) con el fin de logar la construcci\u00f3n de los 26 canales, obra que est\u00e1 por el orden de los 300 mil millones de pesos.<br \/>\n\u201cPara este proyecto, se estableci\u00f3 adelantar otra reuni\u00f3n con Planeaci\u00f3n Nacional para analizar la propuesta que present\u00f3 el mandatario nacional\u201d, indic\u00f3.<br \/>\nEl encuentro sirvi\u00f3 para tocar otros temas como Protecci\u00f3n Costera Se tiene previsto para este jueves una mesa de trabajo con la Procuradur\u00eda, para definir si se hace una convocatoria p\u00fablica abierta o una licitaci\u00f3n p\u00fablica.<br \/>\n\u201cNos quedan unas tareas bastante intensas en lo que resta de mi encargo para ver si podemos dejar muy avanzados el Plan Maestre de Drenajes Pluviales\u201d.<br \/>\nEl mandatario de los cartageneros se mostr\u00f3 muy optimista y se\u00f1al\u00f3 que al finalizar este primer semestre se debe tener una realidad concreta sobre el proyecto de Drenajes Pluviales. En cuanto a la Protecci\u00f3n Costera est\u00e1 ya est\u00e1 andando y se debe tener la claridad sobre la financiaci\u00f3n de las obras del Canal del Dique\u201d.<br \/>\nComunicado<\/p>\n","protected":false},"excerpt":{"rendered":"<p>El Gobierno nacional se mantiene firme en apoyar los macroproyectos que se realizar\u00e1n en Cartagena, en especial las obras requeridas para recuperar el Canal del Dique y la ejecuci\u00f3n del Plan de Drenajes Pluviales, entre otros. El anuncio lo hizo esta noche el alcalde de Cartagena, Pedrito Pereira Caballero, al terminar una reuni\u00f3n con el presidente de Colombia, Iv\u00e1n Duque M\u00e1rquez, varios de sus ministros, funcionarios de los gobiernos distrital y departamental , y representantes de los gremios de la ciudad. \u201cResaltamos la voluntad del gobierno nacional por haber dedicado&#8230; <\/p>\n","protected":false},"author":3,"featured_media":28828,"comment_status":"open","ping_status":"closed","sticky":false,"template":"","format":"standard","meta":{"footnotes":"","_links_to":"","_links_to_target":""},"categories":[2,75],"tags":[],"class_list":["post-28827","post","type-post","status-publish","format-standard","has-post-thumbnail","hentry","category-actualidad","category-destacada"],"_links":{"self":[{"href":"https:\/\/revistazetta.com\/index.php?rest_route=\/wp\/v2\/posts\/28827","targetHints":{"allow":["GET"]}}],"collection":[{"href":"https:\/\/revistazetta.com\/index.php?rest_route=\/wp\/v2\/posts"}],"about":[{"href":"https:\/\/revistazetta.com\/index.php?rest_route=\/wp\/v2\/types\/post"}],"author":[{"embeddable":true,"href":"https:\/\/revistazetta.com\/index.php?rest_route=\/wp\/v2\/users\/3"}],"replies":[{"embeddable":true,"href":"https:\/\/revistazetta.com\/index.php?rest_route=%2Fwp%2Fv2%2Fcomments&post=28827"}],"version-history":[{"count":0,"href":"https:\/\/revistazetta.com\/index.php?rest_route=\/wp\/v2\/posts\/28827\/revisions"}],"wp:featuredmedia":[{"embeddable":true,"href":"https:\/\/revistazetta.com\/index.php?rest_route=\/wp\/v2\/media\/28828"}],"wp:attachment":[{"href":"https:\/\/revistazetta.com\/index.php?rest_route=%2Fwp%2Fv2%2Fmedia&parent=28827"}],"wp:term":[{"taxonomy":"category","embeddable":true,"href":"https:\/\/revistazetta.com\/index.php?rest_route=%2Fwp%2Fv2%2Fcategories&post=28827"},{"taxonomy":"post_tag","embeddable":true,"href":"https:\/\/revistazetta.com\/index.php?rest_route=%2Fwp%2Fv2%2Ftags&post=28827"}],"curies":[{"name":"wp","href":"https:\/\/api.w.org\/{rel}","templated":true}]}}