{"id":28867,"date":"2019-02-02T10:17:49","date_gmt":"2019-02-02T15:17:49","guid":{"rendered":"http:\/\/www.revistazetta.com\/?p=28867"},"modified":"2019-02-02T10:17:49","modified_gmt":"2019-02-02T15:17:49","slug":"cabildos-suben-la-popa-recuperar-tradicion-200-anos","status":"publish","type":"post","link":"https:\/\/revistazetta.com\/?p=28867","title":{"rendered":"Cabildos suben a la Popa para recuperar tradici\u00f3n de 200 a\u00f1os"},"content":{"rendered":"<p><img loading=\"lazy\" decoding=\"async\" class=\"alignright size-medium wp-image-28869\" src=\"https:\/\/www.revistazetta.com\/wp-content\/uploads\/2019\/02\/Cabidos-fuego-300x200.jpeg\" alt=\"\" width=\"300\" height=\"200\" srcset=\"https:\/\/revistazetta.com\/wp-content\/uploads\/2019\/02\/Cabidos-fuego-300x200.jpeg 300w, https:\/\/revistazetta.com\/wp-content\/uploads\/2019\/02\/Cabidos-fuego-1024x682.jpeg 1024w, https:\/\/revistazetta.com\/wp-content\/uploads\/2019\/02\/Cabidos-fuego-219x146.jpeg 219w, https:\/\/revistazetta.com\/wp-content\/uploads\/2019\/02\/Cabidos-fuego-50x33.jpeg 50w, https:\/\/revistazetta.com\/wp-content\/uploads\/2019\/02\/Cabidos-fuego-113x75.jpeg 113w, https:\/\/revistazetta.com\/wp-content\/uploads\/2019\/02\/Cabidos-fuego.jpeg 1280w\" sizes=\"auto, (max-width: 300px) 100vw, 300px\" \/>En medio de las celebraciones de las Fiestas de la Virgen de la Candelaria, cabildos peregrinaron hacia el santuario de la virgen despu\u00e9s de 200 a\u00f1os.<\/p>\n<p>El Cabildo de Torices y el grupo Ra\u00edces de Getseman\u00ed se encargaron de rememorar esta particular tradici\u00f3n cartagenera que se remonta a la \u00e9poca colonial. La Reina del cabildo y su cohorte veneraron con ofrendas a la imagen Nuestra Se\u00f1ora de la Candelaria que sali\u00f3 a recibirlos mientras ellos danzaban a su alrededor.<\/p>\n<p>\u201cVivimos un reencuentro con nuestras tradiciones, con las expresiones culturales que nos hacen cartageneros. Las Fiestas de la Candelaria fomentan nuestra gastronom\u00eda, nuestra danza, nuestra m\u00fasica, nuestra fe y nuestra cartageneidad\u201d, asegur\u00f3 el director del IPCC, Iv\u00e1n Sanes.<\/p>\n<p>M\u00e1s tarde, se realiz\u00f3 la tradicional Noche de Candela que parti\u00f3 del centro comercial Caribe Plaza y culmin\u00f3 en el XXXV Festival del Frito, donde se dio inici\u00f3 al XX Festival de la Cumbia a la manera cartagenera.<\/p>\n<p>Tambi\u00e9n, los cartageneros danzaron al ritmo de fandango en la Plazoleta de Ingenieros Militares espacio que colinda con el imponente Castillo de San de Felipe.<\/p>\n<p>El domingo 3 de febrero culminar\u00e1 el Festival del Frito con el reconocimiento de las matronas de esta versi\u00f3n 2019.<\/p>\n","protected":false},"excerpt":{"rendered":"<p>En medio de las celebraciones de las Fiestas de la Virgen de la Candelaria, cabildos peregrinaron hacia el santuario de la virgen despu\u00e9s de 200 a\u00f1os. El Cabildo de Torices y el grupo Ra\u00edces de Getseman\u00ed se encargaron de rememorar esta particular tradici\u00f3n cartagenera que se remonta a la \u00e9poca colonial. La Reina del cabildo y su cohorte veneraron con ofrendas a la imagen Nuestra Se\u00f1ora de la Candelaria que sali\u00f3 a recibirlos mientras ellos danzaban a su alrededor. \u201cVivimos un reencuentro con nuestras tradiciones, con las expresiones culturales que&#8230; <\/p>\n","protected":false},"author":3,"featured_media":28868,"comment_status":"open","ping_status":"closed","sticky":false,"template":"","format":"standard","meta":{"footnotes":"","_links_to":"","_links_to_target":""},"categories":[41,75],"tags":[],"class_list":["post-28867","post","type-post","status-publish","format-standard","has-post-thumbnail","hentry","category-cultura","category-destacada"],"_links":{"self":[{"href":"https:\/\/revistazetta.com\/index.php?rest_route=\/wp\/v2\/posts\/28867","targetHints":{"allow":["GET"]}}],"collection":[{"href":"https:\/\/revistazetta.com\/index.php?rest_route=\/wp\/v2\/posts"}],"about":[{"href":"https:\/\/revistazetta.com\/index.php?rest_route=\/wp\/v2\/types\/post"}],"author":[{"embeddable":true,"href":"https:\/\/revistazetta.com\/index.php?rest_route=\/wp\/v2\/users\/3"}],"replies":[{"embeddable":true,"href":"https:\/\/revistazetta.com\/index.php?rest_route=%2Fwp%2Fv2%2Fcomments&post=28867"}],"version-history":[{"count":0,"href":"https:\/\/revistazetta.com\/index.php?rest_route=\/wp\/v2\/posts\/28867\/revisions"}],"wp:featuredmedia":[{"embeddable":true,"href":"https:\/\/revistazetta.com\/index.php?rest_route=\/wp\/v2\/media\/28868"}],"wp:attachment":[{"href":"https:\/\/revistazetta.com\/index.php?rest_route=%2Fwp%2Fv2%2Fmedia&parent=28867"}],"wp:term":[{"taxonomy":"category","embeddable":true,"href":"https:\/\/revistazetta.com\/index.php?rest_route=%2Fwp%2Fv2%2Fcategories&post=28867"},{"taxonomy":"post_tag","embeddable":true,"href":"https:\/\/revistazetta.com\/index.php?rest_route=%2Fwp%2Fv2%2Ftags&post=28867"}],"curies":[{"name":"wp","href":"https:\/\/api.w.org\/{rel}","templated":true}]}}