{"id":28870,"date":"2019-02-02T10:25:46","date_gmt":"2019-02-02T15:25:46","guid":{"rendered":"http:\/\/www.revistazetta.com\/?p=28870"},"modified":"2019-02-02T10:56:22","modified_gmt":"2019-02-02T15:56:22","slug":"teatro-adolfo-mejia-estrena-equipos","status":"publish","type":"post","link":"https:\/\/revistazetta.com\/?p=28870","title":{"rendered":"Teatro Adolfo Mej\u00eda estrena equipos"},"content":{"rendered":"<p>Un renovado Teatro Adolfo Mej\u00eda ser\u00e1 el escenario del Hay Festival 2019 gracias a la inversi\u00f3n que adelant\u00f3 el Instituto de Patrimonio y Cultura de Cartagena (IPCC) a trav\u00e9s de la Escuela Taller Cartagena de Indias.<\/p>\n<p>La dotaci\u00f3n consiste en un sistema de vigilancia conformado por: servidor, monitor especial de vigilancia, rack UPS regulador, switch, 40 c\u00e1maras de seguridad, 75 luces de emergencia, 112 sensores de humo, 11 sensores de temperatura y una bocina; con esto se convierte el teatro en un escenario por excelencia de las artes a nivel nacional.<\/p>\n<p>\u201cEl teatro es la infraestructura cultural m\u00e1s importante e imponente que posee Cartagena por su alcance internacional, es por ello, que con esta nueva dotaci\u00f3n reforzamos su seguridad y mejoramos la calidad de los servicios que all\u00ed se prestan\u201d, puntualiz\u00f3 el director de IPCC, Iv\u00e1n Sanes.<\/p>\n<p>Con la nueva dotaci\u00f3n, el teatro cumple las condiciones para lograr ser habilitado como escenario para las artes esc\u00e9nicas de acuerdo a la Ley 1493 de 2011.<\/p>\n<p>De acuerdo a la ley, son escenarios habilitados aquellos lugares en los cuales se puede realizar de forma habitual espect\u00e1culos p\u00fablicos y que cumplen con las condiciones de infraestructura y seguridad necesarias para obtener la habilitaci\u00f3n de escenario permanente por parte de las autoridades locales correspondientes. Hacen parte de los escenarios habilitados los teatros, las salas de conciertos y en general las salas de espect\u00e1culos que se dedican a dicho fin.<\/p>\n","protected":false},"excerpt":{"rendered":"<p>Un renovado Teatro Adolfo Mej\u00eda ser\u00e1 el escenario del Hay Festival 2019 gracias a la inversi\u00f3n que adelant\u00f3 el Instituto de Patrimonio y Cultura de Cartagena (IPCC) a trav\u00e9s de la Escuela Taller Cartagena de Indias. La dotaci\u00f3n consiste en un sistema de vigilancia conformado por: servidor, monitor especial de vigilancia, rack UPS regulador, switch, 40 c\u00e1maras de seguridad, 75 luces de emergencia, 112 sensores de humo, 11 sensores de temperatura y una bocina; con esto se convierte el teatro en un escenario por excelencia de las artes a nivel&#8230; <\/p>\n","protected":false},"author":3,"featured_media":28871,"comment_status":"open","ping_status":"closed","sticky":false,"template":"","format":"standard","meta":{"footnotes":"","_links_to":"","_links_to_target":""},"categories":[32],"tags":[],"class_list":["post-28870","post","type-post","status-publish","format-standard","has-post-thumbnail","hentry","category-actualidad-distrito"],"_links":{"self":[{"href":"https:\/\/revistazetta.com\/index.php?rest_route=\/wp\/v2\/posts\/28870","targetHints":{"allow":["GET"]}}],"collection":[{"href":"https:\/\/revistazetta.com\/index.php?rest_route=\/wp\/v2\/posts"}],"about":[{"href":"https:\/\/revistazetta.com\/index.php?rest_route=\/wp\/v2\/types\/post"}],"author":[{"embeddable":true,"href":"https:\/\/revistazetta.com\/index.php?rest_route=\/wp\/v2\/users\/3"}],"replies":[{"embeddable":true,"href":"https:\/\/revistazetta.com\/index.php?rest_route=%2Fwp%2Fv2%2Fcomments&post=28870"}],"version-history":[{"count":0,"href":"https:\/\/revistazetta.com\/index.php?rest_route=\/wp\/v2\/posts\/28870\/revisions"}],"wp:featuredmedia":[{"embeddable":true,"href":"https:\/\/revistazetta.com\/index.php?rest_route=\/wp\/v2\/media\/28871"}],"wp:attachment":[{"href":"https:\/\/revistazetta.com\/index.php?rest_route=%2Fwp%2Fv2%2Fmedia&parent=28870"}],"wp:term":[{"taxonomy":"category","embeddable":true,"href":"https:\/\/revistazetta.com\/index.php?rest_route=%2Fwp%2Fv2%2Fcategories&post=28870"},{"taxonomy":"post_tag","embeddable":true,"href":"https:\/\/revistazetta.com\/index.php?rest_route=%2Fwp%2Fv2%2Ftags&post=28870"}],"curies":[{"name":"wp","href":"https:\/\/api.w.org\/{rel}","templated":true}]}}