{"id":28940,"date":"2019-02-06T19:09:06","date_gmt":"2019-02-07T00:09:06","guid":{"rendered":"http:\/\/www.revistazetta.com\/?p=28940"},"modified":"2019-02-06T19:09:52","modified_gmt":"2019-02-07T00:09:52","slug":"28940","status":"publish","type":"post","link":"https:\/\/revistazetta.com\/?p=28940","title":{"rendered":"Galer\u00eda: Cumbre por el desarrollo de Magangu\u00e9"},"content":{"rendered":"<p>Se cumpli\u00f3 la\u00a0Cumbre Socioecon\u00f3mica por el Desarrollo Agroindustrial de Magangu\u00e9, convocada por los medios locales de comunicaci\u00f3n:\u00a0AB Televisi\u00f3n, Canal 9, Chever\u00edsima Stereo, EGL Noticias, Extra, La Cuarta V\u00eda, Las Noticas, Magangu\u00e9 Hoy y Prensa Nueva.\u00a0Como panelistas invitados asistieron los periodistas Salud Hern\u00e1ndez Mora, \u00d3scar Montes y John Zamora.<\/p>\n<div id=\"attachment_28933\" style=\"width: 310px\" class=\"wp-caption alignright\"><img loading=\"lazy\" decoding=\"async\" aria-describedby=\"caption-attachment-28933\" class=\"wp-image-28933 size-medium\" src=\"https:\/\/www.revistazetta.com\/wp-content\/uploads\/2019\/02\/Mag-19-300x240.jpg\" alt=\"\" width=\"300\" height=\"240\" srcset=\"https:\/\/revistazetta.com\/wp-content\/uploads\/2019\/02\/Mag-19-300x240.jpg 300w, https:\/\/revistazetta.com\/wp-content\/uploads\/2019\/02\/Mag-19-183x146.jpg 183w, https:\/\/revistazetta.com\/wp-content\/uploads\/2019\/02\/Mag-19-50x40.jpg 50w, https:\/\/revistazetta.com\/wp-content\/uploads\/2019\/02\/Mag-19-94x75.jpg 94w, https:\/\/revistazetta.com\/wp-content\/uploads\/2019\/02\/Mag-19.jpg 500w\" sizes=\"auto, (max-width: 300px) 100vw, 300px\" \/><p id=\"caption-attachment-28933\" class=\"wp-caption-text\">\u00d3scar Montes.<\/p><\/div>\n<div id=\"attachment_28935\" style=\"width: 310px\" class=\"wp-caption alignright\"><img loading=\"lazy\" decoding=\"async\" aria-describedby=\"caption-attachment-28935\" class=\"wp-image-28935 size-medium\" src=\"https:\/\/www.revistazetta.com\/wp-content\/uploads\/2019\/02\/Mag-21-300x240.jpg\" alt=\"\" width=\"300\" height=\"240\" srcset=\"https:\/\/revistazetta.com\/wp-content\/uploads\/2019\/02\/Mag-21-300x240.jpg 300w, https:\/\/revistazetta.com\/wp-content\/uploads\/2019\/02\/Mag-21-183x146.jpg 183w, https:\/\/revistazetta.com\/wp-content\/uploads\/2019\/02\/Mag-21-50x40.jpg 50w, https:\/\/revistazetta.com\/wp-content\/uploads\/2019\/02\/Mag-21-94x75.jpg 94w, https:\/\/revistazetta.com\/wp-content\/uploads\/2019\/02\/Mag-21.jpg 500w\" sizes=\"auto, (max-width: 300px) 100vw, 300px\" \/><p id=\"caption-attachment-28935\" class=\"wp-caption-text\">Rodolfo Zambrano, Joseph Roenes y \u00d3scar Montes.<\/p><\/div>\n<div id=\"attachment_28915\" style=\"width: 310px\" class=\"wp-caption alignright\"><img loading=\"lazy\" decoding=\"async\" aria-describedby=\"caption-attachment-28915\" class=\"wp-image-28915 size-medium\" src=\"https:\/\/www.revistazetta.com\/wp-content\/uploads\/2019\/02\/Mag-1-300x200.jpg\" alt=\"\" width=\"300\" height=\"200\" srcset=\"https:\/\/revistazetta.com\/wp-content\/uploads\/2019\/02\/Mag-1-300x200.jpg 300w, https:\/\/revistazetta.com\/wp-content\/uploads\/2019\/02\/Mag-1-219x146.jpg 219w, https:\/\/revistazetta.com\/wp-content\/uploads\/2019\/02\/Mag-1-50x33.jpg 50w, https:\/\/revistazetta.com\/wp-content\/uploads\/2019\/02\/Mag-1-113x75.jpg 113w, https:\/\/revistazetta.com\/wp-content\/uploads\/2019\/02\/Mag-1.jpg 600w\" sizes=\"auto, (max-width: 300px) 100vw, 300px\" \/><p id=\"caption-attachment-28915\" class=\"wp-caption-text\">Joseph Roenes, \u00d3scar Montes, Rodolfo Zambrano, Salud Hern\u00e1ndez y John Zamora.<\/p><\/div>\n<div id=\"attachment_28932\" style=\"width: 310px\" class=\"wp-caption alignright\"><img loading=\"lazy\" decoding=\"async\" aria-describedby=\"caption-attachment-28932\" class=\"wp-image-28932 size-medium\" src=\"https:\/\/www.revistazetta.com\/wp-content\/uploads\/2019\/02\/Mag-18-300x240.jpg\" alt=\"\" width=\"300\" height=\"240\" srcset=\"https:\/\/revistazetta.com\/wp-content\/uploads\/2019\/02\/Mag-18-300x240.jpg 300w, https:\/\/revistazetta.com\/wp-content\/uploads\/2019\/02\/Mag-18-183x146.jpg 183w, https:\/\/revistazetta.com\/wp-content\/uploads\/2019\/02\/Mag-18-50x40.jpg 50w, https:\/\/revistazetta.com\/wp-content\/uploads\/2019\/02\/Mag-18-94x75.jpg 94w, https:\/\/revistazetta.com\/wp-content\/uploads\/2019\/02\/Mag-18.jpg 500w\" sizes=\"auto, (max-width: 300px) 100vw, 300px\" \/><p id=\"caption-attachment-28932\" class=\"wp-caption-text\">Salud Hern\u00e1ndez Mora.<\/p><\/div>\n<div id=\"attachment_28929\" style=\"width: 310px\" class=\"wp-caption alignright\"><img loading=\"lazy\" decoding=\"async\" aria-describedby=\"caption-attachment-28929\" class=\"wp-image-28929 size-medium\" src=\"https:\/\/www.revistazetta.com\/wp-content\/uploads\/2019\/02\/Mag-15-300x240.jpg\" alt=\"\" width=\"300\" height=\"240\" srcset=\"https:\/\/revistazetta.com\/wp-content\/uploads\/2019\/02\/Mag-15-300x240.jpg 300w, https:\/\/revistazetta.com\/wp-content\/uploads\/2019\/02\/Mag-15-183x146.jpg 183w, https:\/\/revistazetta.com\/wp-content\/uploads\/2019\/02\/Mag-15-50x40.jpg 50w, https:\/\/revistazetta.com\/wp-content\/uploads\/2019\/02\/Mag-15-94x75.jpg 94w, https:\/\/revistazetta.com\/wp-content\/uploads\/2019\/02\/Mag-15.jpg 500w\" sizes=\"auto, (max-width: 300px) 100vw, 300px\" \/><p id=\"caption-attachment-28929\" class=\"wp-caption-text\">Jorge Rodr\u00edguez Sosa y Carlos F\u00e9liz Monsalve.<\/p><\/div>\n<div id=\"attachment_28931\" style=\"width: 310px\" class=\"wp-caption alignright\"><img loading=\"lazy\" decoding=\"async\" aria-describedby=\"caption-attachment-28931\" class=\"wp-image-28931 size-medium\" src=\"https:\/\/www.revistazetta.com\/wp-content\/uploads\/2019\/02\/Mag-17-300x240.jpg\" alt=\"\" width=\"300\" height=\"240\" srcset=\"https:\/\/revistazetta.com\/wp-content\/uploads\/2019\/02\/Mag-17-300x240.jpg 300w, https:\/\/revistazetta.com\/wp-content\/uploads\/2019\/02\/Mag-17-183x146.jpg 183w, https:\/\/revistazetta.com\/wp-content\/uploads\/2019\/02\/Mag-17-50x40.jpg 50w, https:\/\/revistazetta.com\/wp-content\/uploads\/2019\/02\/Mag-17-94x75.jpg 94w, https:\/\/revistazetta.com\/wp-content\/uploads\/2019\/02\/Mag-17.jpg 500w\" sizes=\"auto, (max-width: 300px) 100vw, 300px\" \/><p id=\"caption-attachment-28931\" class=\"wp-caption-text\">Joseph Roenes.<\/p><\/div>\n<div id=\"attachment_28930\" style=\"width: 310px\" class=\"wp-caption alignright\"><img loading=\"lazy\" decoding=\"async\" aria-describedby=\"caption-attachment-28930\" class=\"wp-image-28930 size-medium\" src=\"https:\/\/www.revistazetta.com\/wp-content\/uploads\/2019\/02\/Mag-16-300x240.jpg\" alt=\"\" width=\"300\" height=\"240\" srcset=\"https:\/\/revistazetta.com\/wp-content\/uploads\/2019\/02\/Mag-16-300x240.jpg 300w, https:\/\/revistazetta.com\/wp-content\/uploads\/2019\/02\/Mag-16-183x146.jpg 183w, https:\/\/revistazetta.com\/wp-content\/uploads\/2019\/02\/Mag-16-50x40.jpg 50w, https:\/\/revistazetta.com\/wp-content\/uploads\/2019\/02\/Mag-16-94x75.jpg 94w, https:\/\/revistazetta.com\/wp-content\/uploads\/2019\/02\/Mag-16.jpg 500w\" sizes=\"auto, (max-width: 300px) 100vw, 300px\" \/><p id=\"caption-attachment-28930\" class=\"wp-caption-text\">John Zamora.<\/p><\/div>\n<div id=\"attachment_28926\" style=\"width: 310px\" class=\"wp-caption alignright\"><img loading=\"lazy\" decoding=\"async\" aria-describedby=\"caption-attachment-28926\" class=\"wp-image-28926 size-medium\" src=\"https:\/\/www.revistazetta.com\/wp-content\/uploads\/2019\/02\/Mag-12-300x240.jpg\" alt=\"\" width=\"300\" height=\"240\" srcset=\"https:\/\/revistazetta.com\/wp-content\/uploads\/2019\/02\/Mag-12-300x240.jpg 300w, https:\/\/revistazetta.com\/wp-content\/uploads\/2019\/02\/Mag-12-183x146.jpg 183w, https:\/\/revistazetta.com\/wp-content\/uploads\/2019\/02\/Mag-12-50x40.jpg 50w, https:\/\/revistazetta.com\/wp-content\/uploads\/2019\/02\/Mag-12-94x75.jpg 94w, https:\/\/revistazetta.com\/wp-content\/uploads\/2019\/02\/Mag-12.jpg 500w\" sizes=\"auto, (max-width: 300px) 100vw, 300px\" \/><p id=\"caption-attachment-28926\" class=\"wp-caption-text\">Luis Daniel Vargas, Daniel Vargas D\u00edaz, Jes\u00fas Payares y Alberto Cure.<\/p><\/div>\n<div id=\"attachment_28927\" style=\"width: 310px\" class=\"wp-caption alignright\"><img loading=\"lazy\" decoding=\"async\" aria-describedby=\"caption-attachment-28927\" class=\"wp-image-28927 size-medium\" src=\"https:\/\/www.revistazetta.com\/wp-content\/uploads\/2019\/02\/Mag-13-300x240.jpg\" alt=\"\" width=\"300\" height=\"240\" srcset=\"https:\/\/revistazetta.com\/wp-content\/uploads\/2019\/02\/Mag-13-300x240.jpg 300w, https:\/\/revistazetta.com\/wp-content\/uploads\/2019\/02\/Mag-13-183x146.jpg 183w, https:\/\/revistazetta.com\/wp-content\/uploads\/2019\/02\/Mag-13-50x40.jpg 50w, https:\/\/revistazetta.com\/wp-content\/uploads\/2019\/02\/Mag-13-94x75.jpg 94w, https:\/\/revistazetta.com\/wp-content\/uploads\/2019\/02\/Mag-13.jpg 500w\" sizes=\"auto, (max-width: 300px) 100vw, 300px\" \/><p id=\"caption-attachment-28927\" class=\"wp-caption-text\">Juan C\u00e9sar D\u00edaz, quien dio la bienvenida.<\/p><\/div>\n<div id=\"attachment_28928\" style=\"width: 310px\" class=\"wp-caption alignright\"><img loading=\"lazy\" decoding=\"async\" aria-describedby=\"caption-attachment-28928\" class=\"wp-image-28928 size-medium\" src=\"https:\/\/www.revistazetta.com\/wp-content\/uploads\/2019\/02\/Mag-14-300x240.jpg\" alt=\"\" width=\"300\" height=\"240\" srcset=\"https:\/\/revistazetta.com\/wp-content\/uploads\/2019\/02\/Mag-14-300x240.jpg 300w, https:\/\/revistazetta.com\/wp-content\/uploads\/2019\/02\/Mag-14-183x146.jpg 183w, https:\/\/revistazetta.com\/wp-content\/uploads\/2019\/02\/Mag-14-50x40.jpg 50w, https:\/\/revistazetta.com\/wp-content\/uploads\/2019\/02\/Mag-14-94x75.jpg 94w, https:\/\/revistazetta.com\/wp-content\/uploads\/2019\/02\/Mag-14.jpg 500w\" sizes=\"auto, (max-width: 300px) 100vw, 300px\" \/><p id=\"caption-attachment-28928\" class=\"wp-caption-text\">Luis Cepeda Arraut instal\u00f3 el evento.<\/p><\/div>\n<div id=\"attachment_28924\" style=\"width: 310px\" class=\"wp-caption alignright\"><img loading=\"lazy\" decoding=\"async\" aria-describedby=\"caption-attachment-28924\" class=\"wp-image-28924 size-medium\" src=\"https:\/\/www.revistazetta.com\/wp-content\/uploads\/2019\/02\/Mag-10-Varios-300x200.jpg\" alt=\"\" width=\"300\" height=\"200\" srcset=\"https:\/\/revistazetta.com\/wp-content\/uploads\/2019\/02\/Mag-10-Varios-300x200.jpg 300w, https:\/\/revistazetta.com\/wp-content\/uploads\/2019\/02\/Mag-10-Varios-219x146.jpg 219w, https:\/\/revistazetta.com\/wp-content\/uploads\/2019\/02\/Mag-10-Varios-50x33.jpg 50w, https:\/\/revistazetta.com\/wp-content\/uploads\/2019\/02\/Mag-10-Varios-113x75.jpg 113w, https:\/\/revistazetta.com\/wp-content\/uploads\/2019\/02\/Mag-10-Varios.jpg 600w\" sizes=\"auto, (max-width: 300px) 100vw, 300px\" \/><p id=\"caption-attachment-28924\" class=\"wp-caption-text\">Omar Cuello, Luis Cepeda, Javier V\u00e1squez, Gonzalo Botero, Gabriel Castro y Nicol\u00e1s Cordero.<\/p><\/div>\n<div id=\"attachment_28925\" style=\"width: 310px\" class=\"wp-caption alignright\"><img loading=\"lazy\" decoding=\"async\" aria-describedby=\"caption-attachment-28925\" class=\"wp-image-28925 size-medium\" src=\"https:\/\/www.revistazetta.com\/wp-content\/uploads\/2019\/02\/Mag-11-Ram\u00edrez-300x240.jpg\" alt=\"\" width=\"300\" height=\"240\" srcset=\"https:\/\/revistazetta.com\/wp-content\/uploads\/2019\/02\/Mag-11-Ram\u00edrez-300x240.jpg 300w, https:\/\/revistazetta.com\/wp-content\/uploads\/2019\/02\/Mag-11-Ram\u00edrez-183x146.jpg 183w, https:\/\/revistazetta.com\/wp-content\/uploads\/2019\/02\/Mag-11-Ram\u00edrez-50x40.jpg 50w, https:\/\/revistazetta.com\/wp-content\/uploads\/2019\/02\/Mag-11-Ram\u00edrez-94x75.jpg 94w, https:\/\/revistazetta.com\/wp-content\/uploads\/2019\/02\/Mag-11-Ram\u00edrez.jpg 500w\" sizes=\"auto, (max-width: 300px) 100vw, 300px\" \/><p id=\"caption-attachment-28925\" class=\"wp-caption-text\">Bernardo Ram\u00edrez Del Valle.<\/p><\/div>\n<div id=\"attachment_28923\" style=\"width: 310px\" class=\"wp-caption alignright\"><img loading=\"lazy\" decoding=\"async\" aria-describedby=\"caption-attachment-28923\" class=\"wp-image-28923 size-medium\" src=\"https:\/\/www.revistazetta.com\/wp-content\/uploads\/2019\/02\/Mag-9-Luis-D-y-Jes\u00fas-300x200.jpg\" alt=\"\" width=\"300\" height=\"200\" srcset=\"https:\/\/revistazetta.com\/wp-content\/uploads\/2019\/02\/Mag-9-Luis-D-y-Jes\u00fas-300x200.jpg 300w, https:\/\/revistazetta.com\/wp-content\/uploads\/2019\/02\/Mag-9-Luis-D-y-Jes\u00fas-219x146.jpg 219w, https:\/\/revistazetta.com\/wp-content\/uploads\/2019\/02\/Mag-9-Luis-D-y-Jes\u00fas-50x33.jpg 50w, https:\/\/revistazetta.com\/wp-content\/uploads\/2019\/02\/Mag-9-Luis-D-y-Jes\u00fas-113x75.jpg 113w, https:\/\/revistazetta.com\/wp-content\/uploads\/2019\/02\/Mag-9-Luis-D-y-Jes\u00fas.jpg 600w\" sizes=\"auto, (max-width: 300px) 100vw, 300px\" \/><p id=\"caption-attachment-28923\" class=\"wp-caption-text\">Luis Daniel Vargas S\u00e1nchez, Daniel Vargas D\u00edaz y Jes\u00fas Payares Castillo.<\/p><\/div>\n<div id=\"attachment_28921\" style=\"width: 310px\" class=\"wp-caption alignright\"><img loading=\"lazy\" decoding=\"async\" aria-describedby=\"caption-attachment-28921\" class=\"wp-image-28921 size-medium\" src=\"https:\/\/www.revistazetta.com\/wp-content\/uploads\/2019\/02\/Mag-7-Rodolfo-Zambrano-300x240.jpg\" alt=\"\" width=\"300\" height=\"240\" srcset=\"https:\/\/revistazetta.com\/wp-content\/uploads\/2019\/02\/Mag-7-Rodolfo-Zambrano-300x240.jpg 300w, https:\/\/revistazetta.com\/wp-content\/uploads\/2019\/02\/Mag-7-Rodolfo-Zambrano-183x146.jpg 183w, https:\/\/revistazetta.com\/wp-content\/uploads\/2019\/02\/Mag-7-Rodolfo-Zambrano-50x40.jpg 50w, https:\/\/revistazetta.com\/wp-content\/uploads\/2019\/02\/Mag-7-Rodolfo-Zambrano-94x75.jpg 94w, https:\/\/revistazetta.com\/wp-content\/uploads\/2019\/02\/Mag-7-Rodolfo-Zambrano.jpg 500w\" sizes=\"auto, (max-width: 300px) 100vw, 300px\" \/><p id=\"caption-attachment-28921\" class=\"wp-caption-text\">Rodolfo Zambrano.<\/p><\/div>\n<div id=\"attachment_28919\" style=\"width: 310px\" class=\"wp-caption alignright\"><img loading=\"lazy\" decoding=\"async\" aria-describedby=\"caption-attachment-28919\" class=\"wp-image-28919 size-medium\" src=\"https:\/\/www.revistazetta.com\/wp-content\/uploads\/2019\/02\/Mag-5-Periodistas-300x200.jpg\" alt=\"\" width=\"300\" height=\"200\" srcset=\"https:\/\/revistazetta.com\/wp-content\/uploads\/2019\/02\/Mag-5-Periodistas-300x200.jpg 300w, https:\/\/revistazetta.com\/wp-content\/uploads\/2019\/02\/Mag-5-Periodistas-219x146.jpg 219w, https:\/\/revistazetta.com\/wp-content\/uploads\/2019\/02\/Mag-5-Periodistas-50x33.jpg 50w, https:\/\/revistazetta.com\/wp-content\/uploads\/2019\/02\/Mag-5-Periodistas-113x75.jpg 113w, https:\/\/revistazetta.com\/wp-content\/uploads\/2019\/02\/Mag-5-Periodistas.jpg 600w\" sizes=\"auto, (max-width: 300px) 100vw, 300px\" \/><p id=\"caption-attachment-28919\" class=\"wp-caption-text\">Joseph Roenes.<\/p><\/div>\n<div id=\"attachment_28922\" style=\"width: 310px\" class=\"wp-caption alignright\"><img loading=\"lazy\" decoding=\"async\" aria-describedby=\"caption-attachment-28922\" class=\"wp-image-28922 size-medium\" src=\"https:\/\/www.revistazetta.com\/wp-content\/uploads\/2019\/02\/Mag-8-Salud-y-John-300x200.jpg\" alt=\"\" width=\"300\" height=\"200\" srcset=\"https:\/\/revistazetta.com\/wp-content\/uploads\/2019\/02\/Mag-8-Salud-y-John-300x200.jpg 300w, https:\/\/revistazetta.com\/wp-content\/uploads\/2019\/02\/Mag-8-Salud-y-John-219x146.jpg 219w, https:\/\/revistazetta.com\/wp-content\/uploads\/2019\/02\/Mag-8-Salud-y-John-50x33.jpg 50w, https:\/\/revistazetta.com\/wp-content\/uploads\/2019\/02\/Mag-8-Salud-y-John-113x75.jpg 113w, https:\/\/revistazetta.com\/wp-content\/uploads\/2019\/02\/Mag-8-Salud-y-John.jpg 600w\" sizes=\"auto, (max-width: 300px) 100vw, 300px\" \/><p id=\"caption-attachment-28922\" class=\"wp-caption-text\">Salud Hern\u00e1ndez Mora y John Zamora.<\/p><\/div>\n<div id=\"attachment_28939\" style=\"width: 310px\" class=\"wp-caption alignright\"><img loading=\"lazy\" decoding=\"async\" aria-describedby=\"caption-attachment-28939\" class=\"wp-image-28939 size-medium\" src=\"https:\/\/www.revistazetta.com\/wp-content\/uploads\/2019\/02\/Mag-25-300x240.jpg\" alt=\"\" width=\"300\" height=\"240\" srcset=\"https:\/\/revistazetta.com\/wp-content\/uploads\/2019\/02\/Mag-25-300x240.jpg 300w, https:\/\/revistazetta.com\/wp-content\/uploads\/2019\/02\/Mag-25-183x146.jpg 183w, https:\/\/revistazetta.com\/wp-content\/uploads\/2019\/02\/Mag-25-50x40.jpg 50w, https:\/\/revistazetta.com\/wp-content\/uploads\/2019\/02\/Mag-25-94x75.jpg 94w, https:\/\/revistazetta.com\/wp-content\/uploads\/2019\/02\/Mag-25.jpg 500w\" sizes=\"auto, (max-width: 300px) 100vw, 300px\" \/><p id=\"caption-attachment-28939\" class=\"wp-caption-text\">Giovanni Meza.<\/p><\/div>\n<div id=\"attachment_28938\" style=\"width: 310px\" class=\"wp-caption alignright\"><img loading=\"lazy\" decoding=\"async\" aria-describedby=\"caption-attachment-28938\" class=\"wp-image-28938 size-medium\" src=\"https:\/\/www.revistazetta.com\/wp-content\/uploads\/2019\/02\/Mag-24-300x240.jpg\" alt=\"\" width=\"300\" height=\"240\" srcset=\"https:\/\/revistazetta.com\/wp-content\/uploads\/2019\/02\/Mag-24-300x240.jpg 300w, https:\/\/revistazetta.com\/wp-content\/uploads\/2019\/02\/Mag-24-183x146.jpg 183w, https:\/\/revistazetta.com\/wp-content\/uploads\/2019\/02\/Mag-24-50x40.jpg 50w, https:\/\/revistazetta.com\/wp-content\/uploads\/2019\/02\/Mag-24-94x75.jpg 94w, https:\/\/revistazetta.com\/wp-content\/uploads\/2019\/02\/Mag-24.jpg 500w\" sizes=\"auto, (max-width: 300px) 100vw, 300px\" \/><p id=\"caption-attachment-28938\" class=\"wp-caption-text\">Jes\u00fas Payares Castillo.<\/p><\/div>\n<div id=\"attachment_28936\" style=\"width: 310px\" class=\"wp-caption alignright\"><img loading=\"lazy\" decoding=\"async\" aria-describedby=\"caption-attachment-28936\" class=\"wp-image-28936 size-medium\" src=\"https:\/\/www.revistazetta.com\/wp-content\/uploads\/2019\/02\/Mag-22-300x240.jpg\" alt=\"\" width=\"300\" height=\"240\" srcset=\"https:\/\/revistazetta.com\/wp-content\/uploads\/2019\/02\/Mag-22-300x240.jpg 300w, https:\/\/revistazetta.com\/wp-content\/uploads\/2019\/02\/Mag-22-183x146.jpg 183w, https:\/\/revistazetta.com\/wp-content\/uploads\/2019\/02\/Mag-22-50x40.jpg 50w, https:\/\/revistazetta.com\/wp-content\/uploads\/2019\/02\/Mag-22-94x75.jpg 94w, https:\/\/revistazetta.com\/wp-content\/uploads\/2019\/02\/Mag-22.jpg 500w\" sizes=\"auto, (max-width: 300px) 100vw, 300px\" \/><p id=\"caption-attachment-28936\" class=\"wp-caption-text\">Javier V\u00e1squez.<\/p><\/div>\n<div id=\"attachment_28937\" style=\"width: 310px\" class=\"wp-caption alignright\"><img loading=\"lazy\" decoding=\"async\" aria-describedby=\"caption-attachment-28937\" class=\"wp-image-28937 size-medium\" src=\"https:\/\/www.revistazetta.com\/wp-content\/uploads\/2019\/02\/Mag-23-300x240.jpg\" alt=\"\" width=\"300\" height=\"240\" srcset=\"https:\/\/revistazetta.com\/wp-content\/uploads\/2019\/02\/Mag-23-300x240.jpg 300w, https:\/\/revistazetta.com\/wp-content\/uploads\/2019\/02\/Mag-23-183x146.jpg 183w, https:\/\/revistazetta.com\/wp-content\/uploads\/2019\/02\/Mag-23-50x40.jpg 50w, https:\/\/revistazetta.com\/wp-content\/uploads\/2019\/02\/Mag-23-94x75.jpg 94w, https:\/\/revistazetta.com\/wp-content\/uploads\/2019\/02\/Mag-23.jpg 500w\" sizes=\"auto, (max-width: 300px) 100vw, 300px\" \/><p id=\"caption-attachment-28937\" class=\"wp-caption-text\">Luis Daniel Vargas S\u00e1nchez.<\/p><\/div>\n<div id=\"attachment_28918\" style=\"width: 310px\" class=\"wp-caption alignright\"><img loading=\"lazy\" decoding=\"async\" aria-describedby=\"caption-attachment-28918\" class=\"wp-image-28918 size-medium\" src=\"https:\/\/www.revistazetta.com\/wp-content\/uploads\/2019\/02\/Mag-4-Salud-Hern\u00e1ndez-300x200.jpg\" alt=\"\" width=\"300\" height=\"200\" srcset=\"https:\/\/revistazetta.com\/wp-content\/uploads\/2019\/02\/Mag-4-Salud-Hern\u00e1ndez-300x200.jpg 300w, https:\/\/revistazetta.com\/wp-content\/uploads\/2019\/02\/Mag-4-Salud-Hern\u00e1ndez-219x146.jpg 219w, https:\/\/revistazetta.com\/wp-content\/uploads\/2019\/02\/Mag-4-Salud-Hern\u00e1ndez-50x33.jpg 50w, https:\/\/revistazetta.com\/wp-content\/uploads\/2019\/02\/Mag-4-Salud-Hern\u00e1ndez-113x75.jpg 113w, https:\/\/revistazetta.com\/wp-content\/uploads\/2019\/02\/Mag-4-Salud-Hern\u00e1ndez.jpg 600w\" sizes=\"auto, (max-width: 300px) 100vw, 300px\" \/><p id=\"caption-attachment-28918\" class=\"wp-caption-text\">Salud Hern\u00e1ndez Mora.<\/p><\/div>\n","protected":false},"excerpt":{"rendered":"<p>Se cumpli\u00f3 la\u00a0Cumbre Socioecon\u00f3mica por el Desarrollo Agroindustrial de Magangu\u00e9, convocada por los medios locales de comunicaci\u00f3n:\u00a0AB Televisi\u00f3n, Canal 9, Chever\u00edsima Stereo, EGL Noticias, Extra, La Cuarta V\u00eda, Las Noticas, Magangu\u00e9 Hoy y Prensa Nueva.\u00a0Como panelistas invitados asistieron los periodistas Salud Hern\u00e1ndez Mora, \u00d3scar Montes y John Zamora.<\/p>\n","protected":false},"author":3,"featured_media":28941,"comment_status":"open","ping_status":"closed","sticky":false,"template":"","format":"standard","meta":{"footnotes":"","_links_to":"","_links_to_target":""},"categories":[75,92],"tags":[],"class_list":["post-28940","post","type-post","status-publish","format-standard","has-post-thumbnail","hentry","category-destacada","category-galeria"],"_links":{"self":[{"href":"https:\/\/revistazetta.com\/index.php?rest_route=\/wp\/v2\/posts\/28940","targetHints":{"allow":["GET"]}}],"collection":[{"href":"https:\/\/revistazetta.com\/index.php?rest_route=\/wp\/v2\/posts"}],"about":[{"href":"https:\/\/revistazetta.com\/index.php?rest_route=\/wp\/v2\/types\/post"}],"author":[{"embeddable":true,"href":"https:\/\/revistazetta.com\/index.php?rest_route=\/wp\/v2\/users\/3"}],"replies":[{"embeddable":true,"href":"https:\/\/revistazetta.com\/index.php?rest_route=%2Fwp%2Fv2%2Fcomments&post=28940"}],"version-history":[{"count":0,"href":"https:\/\/revistazetta.com\/index.php?rest_route=\/wp\/v2\/posts\/28940\/revisions"}],"wp:featuredmedia":[{"embeddable":true,"href":"https:\/\/revistazetta.com\/index.php?rest_route=\/wp\/v2\/media\/28941"}],"wp:attachment":[{"href":"https:\/\/revistazetta.com\/index.php?rest_route=%2Fwp%2Fv2%2Fmedia&parent=28940"}],"wp:term":[{"taxonomy":"category","embeddable":true,"href":"https:\/\/revistazetta.com\/index.php?rest_route=%2Fwp%2Fv2%2Fcategories&post=28940"},{"taxonomy":"post_tag","embeddable":true,"href":"https:\/\/revistazetta.com\/index.php?rest_route=%2Fwp%2Fv2%2Ftags&post=28940"}],"curies":[{"name":"wp","href":"https:\/\/api.w.org\/{rel}","templated":true}]}}