{"id":28942,"date":"2019-02-07T06:23:36","date_gmt":"2019-02-07T11:23:36","guid":{"rendered":"http:\/\/www.revistazetta.com\/?p=28942"},"modified":"2019-02-07T06:33:44","modified_gmt":"2019-02-07T11:33:44","slug":"cartagena-2020-2024-opinion-juan-camilo-romero","status":"publish","type":"post","link":"https:\/\/revistazetta.com\/?p=28942","title":{"rendered":"Cartagena 2020 &#8211; 2024 \/ Opini\u00f3n de Juan Camilo Romero"},"content":{"rendered":"<p><strong>Por Juan Camilo Romero (Especial para Revista Zetta).-<\/strong>\u00a0El pr\u00f3ximo Alcalde o Alcaldesa debe ser\u00a0 una persona que busque la renovaci\u00f3n del\u00a0 ciudadano cartagenero aumentando su sentido de pertenencia, quiere decir entonces, un mandatario que sea capaz de encontrar eso que una a todos los cartageneros, ya sea en torno a una de las fiestas que aqu\u00ed se celebran, o nuestro equipo de futbol o de b\u00e9isbol, un evento cultural o simplemente un s\u00edmbolo, algo que a todos nos haga sentir orgullosos de haber nacido en esta tierra y que por una buena vez nos una sin distingo alguno, por encima de nuestra condici\u00f3n social, color de piel, estrato socioecon\u00f3mico, credo, orientaci\u00f3n sexual o ideolog\u00eda pol\u00edtica.<\/p>\n<p>Los Cartageneros en este 2019 debemos elegir Alcalde, Gobernador, Concejales y Ediles. Una oportunidad m\u00e1s que tenemos los ciudadanos de ejercer el poder, el mismo que nos ha sido conferido constitucionalmente para escoger nuestros gobernantes, deseando que esto se d\u00e9 posterior a un ejercicio colectivo de reflexi\u00f3n sobre lo que m\u00e1s le conviene a esta ciudad que se encuentra en un sitial de atraso frente al resto de ciudades de la Regi\u00f3n Caribe.<\/p>\n<p>Me permito reflexionar sobre las caracter\u00edsticas qu\u00e9; a mi juicio, debe tener la persona que resulte elegida para el primer cargo del Distrito.<\/p>\n<p>Cartagena viene padeciendo una crisis institucional sin antecedente alguno, donde hemos tenido m\u00e1s de diez alcaldes en menos de diez a\u00f1os, \u00a0distintas circunstancias hicieron posible esta situaci\u00f3n.<\/p>\n<p>Muchos sostienen que la causa es la incapacidad que tiene el pueblo para elegir, otros hacen referencia a la corrupci\u00f3n que galopa arrogante comprando conciencias a las gentes de barrios populares, no falta quien diga que esta crisis obedece a los intereses de unos pocos que tienen mucho y no han podido democr\u00e1ticamente resultar elegidos y utilizan sus medios para interferir en la gesti\u00f3n administrativa del mandatario de turno, y no faltar\u00e1 quien comente que la anacr\u00f3nica y voraz clase pol\u00edtica no permite el surgimiento de nuevos liderazgos capaces de rectorar el proceso de transformaci\u00f3n social y administrativa que la ciudad demanda.<\/p>\n<p>Todo lo que he mencionado anteriormente es posible que tenga asidero f\u00e1ctico y resulte cierto. El pr\u00f3ximo Alcalde o Alcaldesa de Cartagena, sin importar su filiaci\u00f3n pol\u00edtica\u00a0debe ser una persona capaz de liderar un proceso donde converjan todos los sectores de la sociedad; todos, absolutamente todos quienes quieran y puedan aportar a la construcci\u00f3n de soluciones a los problemas estructurales de nuestra ciudad.<\/p>\n<p>El pr\u00f3ximo Alcalde o Alcaldesa de Cartagena debe ser una persona con capacidades probadas en la administraci\u00f3n p\u00fablica, capaz de establecer alianzas estrat\u00e9gicas con el Gobierno Nacional para la consecuci\u00f3n de recursos que financien la realizaci\u00f3n de las obras que la ciudad pide a gritos, de igual manera, debe el pr\u00f3ximo mandatario establecer alianzas beneficiosas para la comunidad con el sector privado, fomentando el crecimiento econ\u00f3mico y aumentando la competitividad.<\/p>\n<p>El pr\u00f3ximo burgomaestre, debe procurar aumentar la cobertura y la calidad educativa en todos sus niveles, puesto que seg\u00fan las cifras arrojadas por las \u00faltimas pruebas Icfes y Saber nuestra ciudad se ubica en los \u00faltimos lugares. As\u00ed mismo debe impulsar campa\u00f1as de cultura ciudadana, toda vez que nos est\u00e1 acabando la desidia por parte de propios y extranjeros.<\/p>\n<p>El pr\u00f3ximo Alcalde o Alcaldesa de Cartagena, debe de igual forma procurar ampliar la red hospitalaria y mejorar la calidad de la prestaci\u00f3n de los servicios de salud, dicha red gobiernos anteriores le hicieron sendas inversiones millonarias y hoy sus instalaciones constituyen elefantes blancos.<\/p>\n<p>El pr\u00f3ximo Alcalde o Alcaldesa de Cartagena, debe procurar reducir los \u00edndices de inseguridad en todos los barrios de la ciudad, aplicando una pol\u00edtica de prevenci\u00f3n al delito, disminuyendo las condiciones de desigualdad social.<\/p>\n<p>Cartagena es una de las ciudades con mayor poblaci\u00f3n en condici\u00f3n de pobreza extrema, las pol\u00edticas tendientes a la superaci\u00f3n de pobreza deben ser concebidas y ejecutadas de manera seria y responsable.<\/p>\n<p>La tarea no es f\u00e1cil, pero estoy seguro que si se logra ser punto de uni\u00f3n desde lo p\u00fablico, podemos empezar un proceso a mediano plazo para la restauraci\u00f3n de nuestra ciudad, la misma que a pesar de todos sus problemas se levanta imponente y hermosa sobre las costas del mar Caribe.<\/p>\n<p>El pr\u00f3ximo Alcalde para que lo dejen gobernar, debe ser alguien reconocido por el pueblo, que no represente una amenaza para los intereses de la clase pol\u00edtica y empresarial, que tenga buenas relaciones con el alto gobierno y sobre todo se mire en el espejo de sus antecesores para no repetir la historia, mejor dicho, el pr\u00f3ximo Alcalde o Alcaldesa de Cartagena no puede ser un aparecido populachero ni mucho menos un se\u00f1orito encopetado con talante gerencial disfrazado de salvador.<\/p>\n<p>&nbsp;<\/p>\n","protected":false},"excerpt":{"rendered":"<p>Por Juan Camilo Romero (Especial para Revista Zetta).-\u00a0El pr\u00f3ximo Alcalde o Alcaldesa debe ser\u00a0 una persona que busque la renovaci\u00f3n del\u00a0 ciudadano cartagenero aumentando su sentido de pertenencia, quiere decir entonces, un mandatario que sea capaz de encontrar eso que una a todos los cartageneros, ya sea en torno a una de las fiestas que aqu\u00ed se celebran, o nuestro equipo de futbol o de b\u00e9isbol, un evento cultural o simplemente un s\u00edmbolo, algo que a todos nos haga sentir orgullosos de haber nacido en esta tierra y que por&#8230; <\/p>\n","protected":false},"author":3,"featured_media":28943,"comment_status":"open","ping_status":"closed","sticky":false,"template":"","format":"standard","meta":{"footnotes":"","_links_to":"","_links_to_target":""},"categories":[75,44,65],"tags":[],"class_list":["post-28942","post","type-post","status-publish","format-standard","has-post-thumbnail","hentry","category-destacada","category-materiagris","category-opinion"],"_links":{"self":[{"href":"https:\/\/revistazetta.com\/index.php?rest_route=\/wp\/v2\/posts\/28942","targetHints":{"allow":["GET"]}}],"collection":[{"href":"https:\/\/revistazetta.com\/index.php?rest_route=\/wp\/v2\/posts"}],"about":[{"href":"https:\/\/revistazetta.com\/index.php?rest_route=\/wp\/v2\/types\/post"}],"author":[{"embeddable":true,"href":"https:\/\/revistazetta.com\/index.php?rest_route=\/wp\/v2\/users\/3"}],"replies":[{"embeddable":true,"href":"https:\/\/revistazetta.com\/index.php?rest_route=%2Fwp%2Fv2%2Fcomments&post=28942"}],"version-history":[{"count":0,"href":"https:\/\/revistazetta.com\/index.php?rest_route=\/wp\/v2\/posts\/28942\/revisions"}],"wp:featuredmedia":[{"embeddable":true,"href":"https:\/\/revistazetta.com\/index.php?rest_route=\/wp\/v2\/media\/28943"}],"wp:attachment":[{"href":"https:\/\/revistazetta.com\/index.php?rest_route=%2Fwp%2Fv2%2Fmedia&parent=28942"}],"wp:term":[{"taxonomy":"category","embeddable":true,"href":"https:\/\/revistazetta.com\/index.php?rest_route=%2Fwp%2Fv2%2Fcategories&post=28942"},{"taxonomy":"post_tag","embeddable":true,"href":"https:\/\/revistazetta.com\/index.php?rest_route=%2Fwp%2Fv2%2Ftags&post=28942"}],"curies":[{"name":"wp","href":"https:\/\/api.w.org\/{rel}","templated":true}]}}