{"id":28945,"date":"2019-02-07T15:33:12","date_gmt":"2019-02-07T20:33:12","guid":{"rendered":"http:\/\/www.revistazetta.com\/?p=28945"},"modified":"2019-02-07T15:33:12","modified_gmt":"2019-02-07T20:33:12","slug":"aval-liberal-gobernacion-se-conocera-abril","status":"publish","type":"post","link":"https:\/\/revistazetta.com\/?p=28945","title":{"rendered":"Aval liberal a Gobernaci\u00f3n se conocer\u00e1 en abril"},"content":{"rendered":"<p>El senador Lidio Garc\u00eda Turbay estim\u00f3 que el aval para una candidatura del partido Liberal a la Gobernaci\u00f3n de Bol\u00edvar se conocer\u00e1 a m\u00e1s tardar en abril, antes de Semana Santa.<\/p>\n<p>El dirigente record\u00f3 que el aval a Juan Carlos Gossa\u00edn y a Dumek Turbay, en sus respectivos momentos, ocurri\u00f3 para esta \u00e9poca, y que ser\u00e1 un momento propicio para saber cu\u00e1l pre-candidatura tiene la mejor prospecci\u00f3n tanto en planteamientos program\u00e1ticos como en aceptaci\u00f3n popular.<\/p>\n<p>El senador dijo que hay tres precandidatos: Luis Daniel Vargas, \u00c1lvaro Redondo y Fejed Al\u00ed, y que los tres representan una opci\u00f3n clara de triunfo electoral.<\/p>\n<p>Dijo que las puertas siguen abiertas para otras precandidaturas, y anticip\u00f3 que el partido Liberal tambi\u00e9n piensa en sellar alianzas con otros sectores pol\u00edticos para lograr ese prop\u00f3sito.<\/p>\n<p>Lidio Garc\u00eda Turbay expres\u00f3 que el mecanismo de escogencia a\u00fan no est\u00e1 definido, pues bien podr\u00eda ser una encuesta o una decisi\u00f3n discrecional de la Direcci\u00f3n Nacional y la jefatura \u00fanica de la colectividad en Bol\u00edvar.<\/p>\n<p>El jefe \u00fanico del liberalismo en Bol\u00edvar agreg\u00f3 que en el panorama pol\u00edtico tambi\u00e9n se debe definir lo respectivo a Alcald\u00eda de Cartagena, alcald\u00edas municipales, concejos y Asamblea, lo que implica la escogencia de candidaturas que representen los postulados liberales y compromiso ciudadano, adem\u00e1s de la posibilidad de establecer alianzas partidistas.<\/p>\n","protected":false},"excerpt":{"rendered":"<p>El senador Lidio Garc\u00eda Turbay estim\u00f3 que el aval para una candidatura del partido Liberal a la Gobernaci\u00f3n de Bol\u00edvar se conocer\u00e1 a m\u00e1s tardar en abril, antes de Semana Santa. El dirigente record\u00f3 que el aval a Juan Carlos Gossa\u00edn y a Dumek Turbay, en sus respectivos momentos, ocurri\u00f3 para esta \u00e9poca, y que ser\u00e1 un momento propicio para saber cu\u00e1l pre-candidatura tiene la mejor prospecci\u00f3n tanto en planteamientos program\u00e1ticos como en aceptaci\u00f3n popular. El senador dijo que hay tres precandidatos: Luis Daniel Vargas, \u00c1lvaro Redondo y Fejed Al\u00ed,&#8230; <\/p>\n","protected":false},"author":3,"featured_media":28946,"comment_status":"open","ping_status":"closed","sticky":false,"template":"","format":"standard","meta":{"footnotes":"","_links_to":"","_links_to_target":""},"categories":[75,4],"tags":[],"class_list":["post-28945","post","type-post","status-publish","format-standard","has-post-thumbnail","hentry","category-destacada","category-politica"],"_links":{"self":[{"href":"https:\/\/revistazetta.com\/index.php?rest_route=\/wp\/v2\/posts\/28945","targetHints":{"allow":["GET"]}}],"collection":[{"href":"https:\/\/revistazetta.com\/index.php?rest_route=\/wp\/v2\/posts"}],"about":[{"href":"https:\/\/revistazetta.com\/index.php?rest_route=\/wp\/v2\/types\/post"}],"author":[{"embeddable":true,"href":"https:\/\/revistazetta.com\/index.php?rest_route=\/wp\/v2\/users\/3"}],"replies":[{"embeddable":true,"href":"https:\/\/revistazetta.com\/index.php?rest_route=%2Fwp%2Fv2%2Fcomments&post=28945"}],"version-history":[{"count":0,"href":"https:\/\/revistazetta.com\/index.php?rest_route=\/wp\/v2\/posts\/28945\/revisions"}],"wp:featuredmedia":[{"embeddable":true,"href":"https:\/\/revistazetta.com\/index.php?rest_route=\/wp\/v2\/media\/28946"}],"wp:attachment":[{"href":"https:\/\/revistazetta.com\/index.php?rest_route=%2Fwp%2Fv2%2Fmedia&parent=28945"}],"wp:term":[{"taxonomy":"category","embeddable":true,"href":"https:\/\/revistazetta.com\/index.php?rest_route=%2Fwp%2Fv2%2Fcategories&post=28945"},{"taxonomy":"post_tag","embeddable":true,"href":"https:\/\/revistazetta.com\/index.php?rest_route=%2Fwp%2Fv2%2Ftags&post=28945"}],"curies":[{"name":"wp","href":"https:\/\/api.w.org\/{rel}","templated":true}]}}