{"id":28960,"date":"2019-02-11T14:10:46","date_gmt":"2019-02-11T19:10:46","guid":{"rendered":"http:\/\/www.revistazetta.com\/?p=28960"},"modified":"2019-02-11T14:10:46","modified_gmt":"2019-02-11T19:10:46","slug":"instalada-mesa-departamental-libertad-religiosa-culto","status":"publish","type":"post","link":"https:\/\/revistazetta.com\/?p=28960","title":{"rendered":"Instalada Mesa Departamental de Libertad Religiosa y de Culto"},"content":{"rendered":"<div>El gobernador Dumek Turbay y su equipo de gobierno, han considerado que un paso importante para la reconstrucci\u00f3n del tejido social, en un departamento que sufri\u00f3 durante el pasado los embates de un conflicto atroz,\u00a0 es el respeto y reconocimiento a la diversidad o las diferencias, sobre todo, aquellas que tienen que ver con el \u00e1mbito religioso y espiritual.<\/div>\n<div>Por eso, a trav\u00e9s de una pol\u00edtica p\u00fablica de inclusi\u00f3n, el gobierno departamental ha dispuesto de todos los elementos consagrados ante la ley, para que todas las organizaciones religiosas,\u00a0 cuenten desde este momento, con todo el respaldo de la administraci\u00f3n, para que en adelante, se brinden todos los espacios interreligiosos de dialogo, que sirvan para generar una mayor participaci\u00f3n,\u00a0 y entendimiento entre las iglesias, frente a su compromiso social.<\/div>\n<div>\u201cHemos creado una Mesa Departamental de Libertad Religiosa y de Culto, que ser\u00e1 un espacio interreligioso de consulta, para pensar en unidad en una sola voz sobre c\u00f3mo es el territorio que queremos y so\u00f1amos, para continuar transformando un departamento que sufri\u00f3 tanto con el\u00a0 conflicto armado, pero que hoy ha entendido que a trav\u00e9s de la paz, la reconciliaci\u00f3n y la inclusi\u00f3n,\u00a0 se pueden generar\u00a0 mejores oportunidades para todos los habitantes\u201d, manifest\u00f3 Jackeline Howard, Directora de Convivencia y Reconciliaci\u00f3n Departamental.<\/div>\n<div>Por su parte, los l\u00edderes religiosos, tambi\u00e9n manifestaron su compromiso y agradecimiento, ante un gobierno que impulsa importantes cambios para beneficiar a esta colectividad. \u201cAgradecemos al gobernador Dumek Turbay porque lo de hoy ha sido un acto trascendental. \u201cUnidad\u201d es la palabra clave para describir lo que aqu\u00ed ha tenido lugar, Bol\u00edvar est\u00e1 dando pasos hist\u00f3ricos e importantes a trav\u00e9s de su gobierno departamental\u201d, agreg\u00f3 Edgar Casta\u00f1o, Presidente de la Confederaci\u00f3n de las Iglesias Evang\u00e9licas de Colombia, a\u00f1adiendo que Bol\u00edvar abre un nuevo camino para que todos los l\u00edderes religiosos y devotos trabajen de manera mancomunada para sacar adelante sus proyectos con el respaldo de la administraci\u00f3n departamental.<\/div>\n","protected":false},"excerpt":{"rendered":"<p>El gobernador Dumek Turbay y su equipo de gobierno, han considerado que un paso importante para la reconstrucci\u00f3n del tejido social, en un departamento que sufri\u00f3 durante el pasado los embates de un conflicto atroz,\u00a0 es el respeto y reconocimiento a la diversidad o las diferencias, sobre todo, aquellas que tienen que ver con el \u00e1mbito religioso y espiritual. Por eso, a trav\u00e9s de una pol\u00edtica p\u00fablica de inclusi\u00f3n, el gobierno departamental ha dispuesto de todos los elementos consagrados ante la ley, para que todas las organizaciones religiosas,\u00a0 cuenten desde&#8230; <\/p>\n","protected":false},"author":3,"featured_media":28961,"comment_status":"open","ping_status":"closed","sticky":false,"template":"","format":"standard","meta":{"footnotes":"","_links_to":"","_links_to_target":""},"categories":[80],"tags":[],"class_list":["post-28960","post","type-post","status-publish","format-standard","has-post-thumbnail","hentry","category-region"],"_links":{"self":[{"href":"https:\/\/revistazetta.com\/index.php?rest_route=\/wp\/v2\/posts\/28960","targetHints":{"allow":["GET"]}}],"collection":[{"href":"https:\/\/revistazetta.com\/index.php?rest_route=\/wp\/v2\/posts"}],"about":[{"href":"https:\/\/revistazetta.com\/index.php?rest_route=\/wp\/v2\/types\/post"}],"author":[{"embeddable":true,"href":"https:\/\/revistazetta.com\/index.php?rest_route=\/wp\/v2\/users\/3"}],"replies":[{"embeddable":true,"href":"https:\/\/revistazetta.com\/index.php?rest_route=%2Fwp%2Fv2%2Fcomments&post=28960"}],"version-history":[{"count":0,"href":"https:\/\/revistazetta.com\/index.php?rest_route=\/wp\/v2\/posts\/28960\/revisions"}],"wp:featuredmedia":[{"embeddable":true,"href":"https:\/\/revistazetta.com\/index.php?rest_route=\/wp\/v2\/media\/28961"}],"wp:attachment":[{"href":"https:\/\/revistazetta.com\/index.php?rest_route=%2Fwp%2Fv2%2Fmedia&parent=28960"}],"wp:term":[{"taxonomy":"category","embeddable":true,"href":"https:\/\/revistazetta.com\/index.php?rest_route=%2Fwp%2Fv2%2Fcategories&post=28960"},{"taxonomy":"post_tag","embeddable":true,"href":"https:\/\/revistazetta.com\/index.php?rest_route=%2Fwp%2Fv2%2Ftags&post=28960"}],"curies":[{"name":"wp","href":"https:\/\/api.w.org\/{rel}","templated":true}]}}