{"id":29004,"date":"2019-02-12T08:48:26","date_gmt":"2019-02-12T13:48:26","guid":{"rendered":"http:\/\/www.revistazetta.com\/?p=29004"},"modified":"2019-02-12T08:48:26","modified_gmt":"2019-02-12T13:48:26","slug":"experiencias-acumuladas-opinion-danilo-contreras","status":"publish","type":"post","link":"https:\/\/revistazetta.com\/?p=29004","title":{"rendered":"Experiencias acumuladas &#8211; Opini\u00f3n de Danilo Contreras"},"content":{"rendered":"<p><span style=\"color: #800000;\"><strong>Por Danilo Contreras (Especial para Revista Zetta).-<\/strong><\/span>\u00a0En alg\u00fan lado le escuche decir a Borges (con seguridad, hiperb\u00f3licamente) que desconoc\u00eda la literatura contempor\u00e1nea, pues luego de un tiempo, ya entrado en a\u00f1os, se hab\u00eda decidido a releer entre los vol\u00famenes cl\u00e1sicos de su vasta biblioteca. Al escucharlo, vislumbr\u00e9 en aquella actitud una especie de resignaci\u00f3n, una formula del cansancio del mundo y una a\u00f1oranza por un tiempo que se alej\u00f3 veloz y que, quiz\u00e1s, le depar\u00f3 mejores sensaciones. Los a\u00f1os son implacables.<\/p>\n<p>Me alarma observar que a menudo prefiero tambi\u00e9n la relectura de viejos y rayados textos, a las novedades editoriales. Noto en esto las terquedades propias del advenimiento de los a\u00f1os de la vejez.<\/p>\n<p>En ese \u00edntimo ejercicio de repasar lecturas me encuentro con una frase que nuevamente me inquiet\u00f3, pues la hab\u00eda resaltado en el libro \u201cLa sociedad cortesana\u201d de Norbert Elias: \u201cLas experiencias sociales acumuladas pueden perderse siempre\u201d. Esa parece ser una constante del desarrollo sociol\u00f3gico de este pa\u00eds y es probable que por eso, no terminamos de salir de un cap\u00edtulo de violencia, para sumergirnos en el oscuro abismo de uno nuevo.<\/p>\n<p>Elias agrega que la \u201ccontinua acumulaci\u00f3n social del saber aporta su contribuci\u00f3n al cambio de la convivencia humana\u201d, pero est\u00e1 claro que esta posibilidad suele ser excepcional, sobre todo en Colombia. No aprendemos.<\/p>\n<p>M\u00faltiples circunstancias acreditan hoy, un ambiente proclive al reavivamiento del conflicto armado que parec\u00eda encontrar salidas pol\u00edticas con el acuerdo y armisticio firmado entre las Farc y el Estado colombiano en el gobierno anterior.<\/p>\n<p>Suele decirse que el acuerdo de paz del gobierno Santos no habr\u00eda sido posible sin los duros golpes que recibi\u00f3 la guerrilla de las Farc en tiempos de Uribe. Sin embargo ahora el pa\u00eds parece abocado a una reedici\u00f3n de la pol\u00edtica de \u201cseguridad democr\u00e1tica\u201d de 8 a\u00f1os de gobierno uribista, como en un perpet\u00fao retorno, a cambio de avanzar en un programa de consolidaci\u00f3n de la paz y el posconflicto. Esto, objetivamente, es una opci\u00f3n irracional, en mi concepto, pues la opci\u00f3n abierta por la guerra es definitivamente una irracionalidad.<br \/>\nLas cifras son contundentes al demostrar la disminuci\u00f3n de fen\u00f3menos delictivos como extorsiones, secuestros, asesinatos, masacres, desplazamientos, en los \u00faltimos a\u00f1os.<\/p>\n<p>Una nota de Portafolio de junio de 2018 da cuenta de un estudio de la Fundaci\u00f3n Paz y Reconciliaci\u00f3n que se\u00f1ala que entre 2012 y 2017 la tasa de homicidios por cada cien mil habitantes se redujo de 34 a 24 casos. Los desplazamientos afectaron a 75.000 personas en 2017, mientras que en 2012, cuando no hab\u00eda acuerdo de paz, la cifra lleg\u00f3 a los 272.000. Los secuestros est\u00e1n \u00aben su nivel m\u00e1s bajo de las \u00faltimas tres d\u00e9cadas\u00bb, ya que en 2017 hubo 180 casos, frente a los 3.000 que llegaron a haber al final de la d\u00e9cada de los 90.<\/p>\n<p>La pregunta es: \u00bfSi una pol\u00edtica demuestra que es posible salvar tantas vidas y ahorrar tantos sufrimientos, que nos impide consolidarla y persistir en mejorarla honestamente, en vez sacarle el cuerpo a su implementaci\u00f3n?.<\/p>\n<p>Entre tanto el gobierno lanza su pol\u00edtica de \u201cseguridad cooperativa\u201d, que cuando menos suena muy parecida en el t\u00edtulo a la \u201cseguridad democr\u00e1tica\u201d de los 8 a\u00f1os de gobierno de Uribe en los cuales la guerra se recrudeci\u00f3. Esto sucede en un contexto de aumento de muertes de lideres sociales, de actos demenciales como el reciente de la guerrilla del ELN y de las amenazas del presidente Trump, apoyadas por Colombia, de recurrir a todos los medios para lograr la salida del s\u00e1trapa venezolano de Maduro que tanto da\u00f1o ha hecho a las ideas sociales y en general de una supresi\u00f3n de los t\u00e9rminos paz y posconflicto del discurso oficial.<\/p>\n<p>Definitivamente la historia y el progreso de la humanidad no es lineal. Por el contrario, e infortunadamente, suele perderse en los laberintos del odio y el deseo de venganza.<\/p>\n","protected":false},"excerpt":{"rendered":"<p>Por Danilo Contreras (Especial para Revista Zetta).-\u00a0En alg\u00fan lado le escuche decir a Borges (con seguridad, hiperb\u00f3licamente) que desconoc\u00eda la literatura contempor\u00e1nea, pues luego de un tiempo, ya entrado en a\u00f1os, se hab\u00eda decidido a releer entre los vol\u00famenes cl\u00e1sicos de su vasta biblioteca. Al escucharlo, vislumbr\u00e9 en aquella actitud una especie de resignaci\u00f3n, una formula del cansancio del mundo y una a\u00f1oranza por un tiempo que se alej\u00f3 veloz y que, quiz\u00e1s, le depar\u00f3 mejores sensaciones. Los a\u00f1os son implacables. Me alarma observar que a menudo prefiero tambi\u00e9n la&#8230; <\/p>\n","protected":false},"author":3,"featured_media":29005,"comment_status":"open","ping_status":"closed","sticky":false,"template":"","format":"standard","meta":{"footnotes":"","_links_to":"","_links_to_target":""},"categories":[75,44,65],"tags":[],"class_list":["post-29004","post","type-post","status-publish","format-standard","has-post-thumbnail","hentry","category-destacada","category-materiagris","category-opinion"],"_links":{"self":[{"href":"https:\/\/revistazetta.com\/index.php?rest_route=\/wp\/v2\/posts\/29004","targetHints":{"allow":["GET"]}}],"collection":[{"href":"https:\/\/revistazetta.com\/index.php?rest_route=\/wp\/v2\/posts"}],"about":[{"href":"https:\/\/revistazetta.com\/index.php?rest_route=\/wp\/v2\/types\/post"}],"author":[{"embeddable":true,"href":"https:\/\/revistazetta.com\/index.php?rest_route=\/wp\/v2\/users\/3"}],"replies":[{"embeddable":true,"href":"https:\/\/revistazetta.com\/index.php?rest_route=%2Fwp%2Fv2%2Fcomments&post=29004"}],"version-history":[{"count":0,"href":"https:\/\/revistazetta.com\/index.php?rest_route=\/wp\/v2\/posts\/29004\/revisions"}],"wp:featuredmedia":[{"embeddable":true,"href":"https:\/\/revistazetta.com\/index.php?rest_route=\/wp\/v2\/media\/29005"}],"wp:attachment":[{"href":"https:\/\/revistazetta.com\/index.php?rest_route=%2Fwp%2Fv2%2Fmedia&parent=29004"}],"wp:term":[{"taxonomy":"category","embeddable":true,"href":"https:\/\/revistazetta.com\/index.php?rest_route=%2Fwp%2Fv2%2Fcategories&post=29004"},{"taxonomy":"post_tag","embeddable":true,"href":"https:\/\/revistazetta.com\/index.php?rest_route=%2Fwp%2Fv2%2Ftags&post=29004"}],"curies":[{"name":"wp","href":"https:\/\/api.w.org\/{rel}","templated":true}]}}