{"id":29020,"date":"2019-02-13T22:00:31","date_gmt":"2019-02-14T03:00:31","guid":{"rendered":"http:\/\/www.revistazetta.com\/?p=29020"},"modified":"2019-02-13T22:00:31","modified_gmt":"2019-02-14T03:00:31","slug":"maestros-sindicalizados-exigen-mejor-servicio-salud","status":"publish","type":"post","link":"https:\/\/revistazetta.com\/?p=29020","title":{"rendered":"Maestros sindicalizados exigen mejor servicio de salud"},"content":{"rendered":"<p class=\"m_-2043397230713506134gmail-MsoNoSpacing\"><b><\/b><span lang=\"ES-CO\">Desde las 8.00 de la ma\u00f1ana de este jueves 14 de febrero los docentes de Cartagena y de los municipios del norte de Bol\u00edvar se concentrar\u00e1n en el Centro Recreacional Napole\u00f3n Perea para participar activamente en el paro nacional de 24 horas convocado por Fecode en todo el pa\u00eds.<\/span><\/p>\n<p class=\"m_-2043397230713506134gmail-MsoNoSpacing\"><span lang=\"ES-CO\">En todo el Departamento se estima que dejar\u00e1n de laborar y saldr\u00e1n a las calles m\u00e1s de 12.000 maestros que reclamar\u00e1n mejores servicios de salud y para defender la financiaci\u00f3n de la educaci\u00f3n p\u00fablica, la cual est\u00e1 amenazada con las normas que el gobierno del presidente Iv\u00e1n Duque incluy\u00f3 en el proyecto de ley que contempla el Plan Nacional de Desarrollo.<\/span><\/p>\n<p class=\"m_-2043397230713506134gmail-MsoNoSpacing\"><span lang=\"ES-CO\">Una vez concentrados en el Napole\u00f3n Perea la junta directiva del Sindicato \u00danico de Trabajadores de la Educaci\u00f3n de Bol\u00edvar, Sudeb, rendir\u00e1 un informe sobre las \u00faltimas decisiones tomadas por Fecode con relaci\u00f3n a la presentaci\u00f3n del Pliego Nacional de Peticiones y a nivel local, lo relacionado con el Pliego de Peticiones que se le presentar\u00e1 al alcalde Pedrito Caballero a finales del presente mes.<\/span><\/p>\n<p class=\"m_-2043397230713506134gmail-MsoNoSpacing\"><span lang=\"ES-CO\">Posteriormente los docentes cruzar\u00e1n a la Megaurgencia de la Cl\u00ednica de Blas de Lezo ubicada frente al Napole\u00f3n Perea, all\u00ed se gritar\u00e1n arengas exigiendo un mejor servicio de salud. Luego los maestros se movilizar\u00e1n para llegar a la sede de la Cl\u00ednica General del Norte en el barrio Chipre, en donde tambi\u00e9n se emitir\u00e1n arengas contra los p\u00e9simos servicios.<\/span><\/p>\n<p class=\"m_-2043397230713506134gmail-MsoNoSpacing\"><b><span lang=\"ES-CO\">Caravana<\/span><\/b><\/p>\n<p class=\"m_-2043397230713506134gmail-MsoNoSpacing\"><span lang=\"ES-CO\">Los maestros saldr\u00e1n en caravana desde el barrio Chipre y recorrer\u00e1n la Avenida Pedro de Heredia hasta el Castillo de San Felipe de Barajas, all\u00ed se bajar\u00e1n de los buses y se movilizar\u00e1n a p\u00ede hasta la Plaza de La Aduana en donde le exigir\u00e1n al Alcalde su intervenci\u00f3n para solucionar los graves problemas que afronta el sistema educativo en el Distrito.<\/span><\/p>\n<p class=\"m_-2043397230713506134gmail-MsoNoSpacing\"><b><span lang=\"ES-CO\">En Bol\u00edvar <\/span><\/b><\/p>\n<p class=\"m_-2043397230713506134gmail-MsoNoSpacing\"><span lang=\"ES-CO\">Los docentes de los municipios del Carmen de Bol\u00edvar, El Guamo, Zambrano, C\u00f3rdoba, San Jacinto y San Juan Nepomuceno, se concentrar\u00e1n en el municipio del Carmen de Bol\u00edvar, donde realizar\u00e1n asamblea informativa entre las 8:00 y las 10:00 de la ma\u00f1ana y luego realizar\u00e1n movilizaci\u00f3n hasta las sedes de las alcald\u00eda, parque o plaza p\u00fablica.<\/span><\/p>\n<p class=\"m_-2043397230713506134gmail-MsoNoSpacing\"><span lang=\"ES-CO\">Los de los municipios de la zona Momposina (Cicuco, San Fernando, Margarita, Talaigua Nuevo y Mompox) se concentrar\u00e1n en el municipio de Mompox, donde realizar\u00e1n asamblea informativa a partir de las 8:00 a.m. en la sede de la Cooperativa Cooaceded.<\/span><\/p>\n<p class=\"m_-2043397230713506134gmail-MsoNoSpacing\"><span lang=\"ES-CO\">Los de los municipios de la zona Los Lobas (Hatillo de Loba, Barranco de Loba, San Martin de Loba, El Pe\u00f1\u00f3n y Altos de Rosario) se concentrar\u00e1n en el municipio de San Martin de Loba, donde realizar\u00e1n asamblea informativa a partir de las 8:00 a.m. y movilizaci\u00f3n.<\/span><\/p>\n<p class=\"m_-2043397230713506134gmail-MsoNoSpacing\"><span lang=\"ES-CO\">En el municipio certificado de Magangu\u00e9 se realizar\u00e1 una asamblea informativa a partir de las 8:00 a.m., en la sede de la Cooperativa Cooaceded.\u00a0 El resto de las Subdirectivas Municipales, realizar\u00e1n Asamblea Informativa entre las 7:30 a.m. y las 10:00 a.m. y luego realizar plantones en las alcald\u00edas, parques o plazas p\u00fablicas.<\/span><\/p>\n<p class=\"m_-2043397230713506134gmail-MsoNoSpacing\"><b><span lang=\"ES-CO\">Hay permiso<\/span><\/b><\/p>\n<p class=\"m_-2043397230713506134gmail-MsoNoSpacing\"><span lang=\"ES-CO\">Este mi\u00e9rcoles la Secretar\u00eda de Educaci\u00f3n del Distrito emiti\u00f3 la Resoluci\u00f3n 0915 en la concede permiso remunerado al magisterio de Cartagena para que realicen su asamblea informativa este jueves 14 de febrero. \u201cNo hay ninguna excusa para que todos los maestros de la ciudad y el Departamento no salgan a la calle a manifestarse contra los p\u00e9simos servicios de salud, por el derecho a la vida y en defensa de la educaci\u00f3n p\u00fablica\u201d, dijo Pedro Herrera, presidente del Sudeb.<\/span><\/p>\n","protected":false},"excerpt":{"rendered":"<p>Desde las 8.00 de la ma\u00f1ana de este jueves 14 de febrero los docentes de Cartagena y de los municipios del norte de Bol\u00edvar se concentrar\u00e1n en el Centro Recreacional Napole\u00f3n Perea para participar activamente en el paro nacional de 24 horas convocado por Fecode en todo el pa\u00eds. En todo el Departamento se estima que dejar\u00e1n de laborar y saldr\u00e1n a las calles m\u00e1s de 12.000 maestros que reclamar\u00e1n mejores servicios de salud y para defender la financiaci\u00f3n de la educaci\u00f3n p\u00fablica, la cual est\u00e1 amenazada con las normas&#8230; <\/p>\n","protected":false},"author":3,"featured_media":29036,"comment_status":"open","ping_status":"closed","sticky":false,"template":"","format":"standard","meta":{"footnotes":"","_links_to":"","_links_to_target":""},"categories":[75,3],"tags":[],"class_list":["post-29020","post","type-post","status-publish","format-standard","has-post-thumbnail","hentry","category-destacada","category-ciudad"],"_links":{"self":[{"href":"https:\/\/revistazetta.com\/index.php?rest_route=\/wp\/v2\/posts\/29020","targetHints":{"allow":["GET"]}}],"collection":[{"href":"https:\/\/revistazetta.com\/index.php?rest_route=\/wp\/v2\/posts"}],"about":[{"href":"https:\/\/revistazetta.com\/index.php?rest_route=\/wp\/v2\/types\/post"}],"author":[{"embeddable":true,"href":"https:\/\/revistazetta.com\/index.php?rest_route=\/wp\/v2\/users\/3"}],"replies":[{"embeddable":true,"href":"https:\/\/revistazetta.com\/index.php?rest_route=%2Fwp%2Fv2%2Fcomments&post=29020"}],"version-history":[{"count":0,"href":"https:\/\/revistazetta.com\/index.php?rest_route=\/wp\/v2\/posts\/29020\/revisions"}],"wp:featuredmedia":[{"embeddable":true,"href":"https:\/\/revistazetta.com\/index.php?rest_route=\/wp\/v2\/media\/29036"}],"wp:attachment":[{"href":"https:\/\/revistazetta.com\/index.php?rest_route=%2Fwp%2Fv2%2Fmedia&parent=29020"}],"wp:term":[{"taxonomy":"category","embeddable":true,"href":"https:\/\/revistazetta.com\/index.php?rest_route=%2Fwp%2Fv2%2Fcategories&post=29020"},{"taxonomy":"post_tag","embeddable":true,"href":"https:\/\/revistazetta.com\/index.php?rest_route=%2Fwp%2Fv2%2Ftags&post=29020"}],"curies":[{"name":"wp","href":"https:\/\/api.w.org\/{rel}","templated":true}]}}