{"id":29069,"date":"2019-02-18T17:13:27","date_gmt":"2019-02-18T22:13:27","guid":{"rendered":"http:\/\/www.revistazetta.com\/?p=29069"},"modified":"2019-02-18T17:18:48","modified_gmt":"2019-02-18T22:18:48","slug":"escuelas-travesias-mompox-guamanga-alta-montana-se-convierten-instituciones-educativas-oficiales-bolivar","status":"publish","type":"post","link":"https:\/\/revistazetta.com\/?p=29069","title":{"rendered":"Escuelas de Mompox y Alta Monta\u00f1a son ahora instituciones educativas de Bol\u00edvar"},"content":{"rendered":"<blockquote><p><strong><em>La Secretar\u00eda de Educaci\u00f3n de\u00a0 Bol\u00edvar oficializ\u00f3 para el a\u00f1o lectivo 2019,\u00a0 la conformaci\u00f3n de las instituciones educativas 225 y 226 del departamento de Bol\u00edvar, como parte de los compromisos adquiridos por el gobernador Dumek Turbay Paz, de fortalecer con autonom\u00eda propia aquellas instituciones donde los estudiantes pertenezcan\u00a0 a familias de retorno,\u00a0 reparaci\u00f3n y\u00a0 desplazadas por los fen\u00f3menos naturales.<\/em><\/strong><\/p><\/blockquote>\n<p>El secretario de Educaci\u00f3n de Bol\u00edvar, Robinson Casarrubia Cardona, en nombre del gobierno del \u201cBol\u00edvar Si Avanza\u201d, que lidera el primer mandatario Dumek Turbay Paz, oficializ\u00f3 los decretos que convierten a las\u00a0 escuelas de Traves\u00edas en Mompox y Guamanga en Alta Monta\u00f1a, Carmen de Bol\u00edvar, en las instituciones educativas 225 y 226 del departamento, con el firme prop\u00f3sito de potencializar administrativa y financieramente aquellas comunidades afectadas por los fen\u00f3menos naturales y que pertenezcan a\u00a0 familias de retorno y reparaci\u00f3n.<\/p>\n<p>\u201cSon instituciones que tienen una poblaci\u00f3n especial, que tienen una comunidad caracter\u00edstica, en el cual nosotros nos hemos puesto a disposici\u00f3n para darles autonom\u00eda y que el sistema garantice el acceso y permanencia de nuestros ni\u00f1os, ni\u00f1as y j\u00f3venes en zonas como Guamanga, una regi\u00f3n golpeada por la violencia y que le estamos garantizando su derecho a la educaci\u00f3n\u201d dijo Casarrubia.<\/p>\n<p>El funcionario agreg\u00f3, que la idea es beneficiar a m\u00e1s de 300 estudiantes del sector, \u201cestamos muy contentos porque el grupo de l\u00edderes de la mesa de Alta Monta\u00f1a han recibido con benepl\u00e1cito est gran noticia\u201d, sintetiz\u00f3.<\/p>\n<p><strong><u>Asistencia t\u00e9cnica en Traves\u00edas<\/u><\/strong><\/p>\n<p>La directora de Calidad, Mar\u00eda Consuelo G\u00f3mez M\u00e1rquez, acompa\u00f1ada por todo un equipo interdisciplinario de la Secretar\u00eda de Educaci\u00f3n,\u00a0 se desplaz\u00f3 hasta el corregimiento de Traves\u00edas, municipio de Mompox,\u00a0 para acompa\u00f1ar la transici\u00f3n de la escuela\u00a0 y conocer las condiciones actuales de los 600 estudiantes que se forman en cada una de las sedes ubicadas en lo corregimientos de Bomba, Santa Elena,\u00a0 Villanueva y Rosario<\/p>\n<p>\u201cPor primera vez la Secretar\u00eda de Educaci\u00f3n hace presencia en el corregimiento de Traves\u00edas, son comunidades con muchas necesidades, donde habitan desplazados por acomodaci\u00f3n de la cuenca del rio, por la violencia que azot\u00f3 el departamento y que merecen ser atendidas con calidad\u201d, dijo la funcionaria.<\/p>\n<p>G\u00f3mez M\u00e1rquez indic\u00f3, que la idea es\u00a0 brindar\u00a0 todo el apoyo y asesoramiento que requieren como nueva instituci\u00f3n, \u201cllegamos para que conozcan las responsabilidades con los estudiantes y con el consejo de padres de familia, definitivamente es una comunidad muy emotiva, muy propositiva y dispuesta a sacar adelante la instituci\u00f3n donde a diario acuden sus hijos\u201d,\u00a0 asever\u00f3 la directora.<\/p>\n<p>\u201cLo que queremos es impactar de manera definitiva la calidad educativa del nuevo plantel, apoyarlos para mejorar las\u00a0 condiciones actuales que afrontan en materia de infraestructura, aumentar cobertura, mejorar el proceso de matr\u00edcula, formar docentes, por eso estamos aqu\u00ed con todo el equipo, no est\u00e1n solos y esto apenas comienza\u201d, sintetiz\u00f3 la funcionaria.<\/p>\n<p><strong><u>Infraestructura el mayor reto\u00a0 <\/u><\/strong><\/p>\n<p>Rosario Flores, coordinadora acad\u00e9mica de la instituci\u00f3n educativa de Traves\u00edas,\u00a0 dijo que como comunidad piensan en la calidad educativa de los estudiantes y cree que se deben adelantar todas las gestiones para mejorar la infraestructura actual, porque la mayor\u00eda de los ni\u00f1os, ni\u00f1as y j\u00f3venes reciben su jornada acad\u00e9mica en aulas palaf\u00edticas construidas por el Fondo Adaptaci\u00f3n en la pasada ola invernal del 2010, 2011.<\/p>\n<p>\u201cTrabajamos con todo el cuerpo docente en proyectos que redunden en la calidad con el \u00fanico prop\u00f3sito de mejorar\u00a0 para el 2020 los resultados de las pruebas Saber\u201d, asever\u00f3.<\/p>\n<p>Por su parte Robinson Rodr\u00edguez, vicepresidente de la Asociaci\u00f3n de Padres de Familia de Traves\u00edas, dijo que la comunidad est\u00e1 dispuesta a entregar un lote debidamente legalizado y con todas las\u00a0 caracter\u00edsticas exigidas,\u00a0 para que el municipio, el departamento o la naci\u00f3n construyan una nueva infraestructura f\u00edsica acorde a las necesidades, \u201cno queremos ser una carga, como comunidad tenemos voluntad\u201d, dijo.<\/p>\n<p><strong><u>Solicitud al Fondo Adaptaci\u00f3n<\/u><\/strong><\/p>\n<p>Manuel Fern\u00e1ndez \u00c1lvarez, Profesional\u00a0 Especializado de Planeaci\u00f3n Educativa, indic\u00f3 que la sede de Traves\u00edas fue una de las m\u00e1s afectadas en el municipio de Mompox por la ola invernal del 2010-2011 y que en su momento se postul\u00f3 para la construcci\u00f3n de aulas temporales y no afectar el calendario acad\u00e9mico de la \u00e9poca, \u201cLa segunda fase de este proyecto era construir en un predio unas aulas adaptadas al cambio clim\u00e1tico, con dise\u00f1os de construcci\u00f3n, pero se detect\u00f3 que los predios del corregimiento estaban ubicados en alto riesgo\u201d, dijo Fern\u00e1ndez.<\/p>\n<p>\u201cLa comunidad nos ha mostrado un nuevo lote, como Secretar\u00eda de Educaci\u00f3n vamos a presentar un informe de las condiciones y el estado precario en que se encuentran las instalaciones, son aulas que ya cumplieron con su ciclo, con m\u00e1s de 8 a\u00f1os de uso y actualmente no re\u00fanen las condiciones para las actividades acad\u00e9micas\u201d, concluy\u00f3.<\/p>\n<p>En los pr\u00f3ximos d\u00edas se programar\u00e1 una visita a la Alta Monta\u00f1a, jurisdicci\u00f3n del municipio de El Carmen de Bol\u00edvar, para acompa\u00f1ar y apoyar los procesos administrativos y financieros de la instituci\u00f3n educativa 226 ubicada en el corregimiento Guamanga.<\/p>\n<p>\u201cVamos aprovechar una nueva convocatoria del Ministerio de Educaci\u00f3n Nacional que se llama \u201cManos al Aula\u201d para favorecer predios rurales y que puedan ser objetos\u00a0 de mejoramiento, con inversiones que\u00a0 superan los 300 millones de pesos\u201d, subray\u00f3, Fern\u00e1ndez.<\/p>\n","protected":false},"excerpt":{"rendered":"<p>La Secretar\u00eda de Educaci\u00f3n de\u00a0 Bol\u00edvar oficializ\u00f3 para el a\u00f1o lectivo 2019,\u00a0 la conformaci\u00f3n de las instituciones educativas 225 y 226 del departamento de Bol\u00edvar, como parte de los compromisos adquiridos por el gobernador Dumek Turbay Paz, de fortalecer con autonom\u00eda propia aquellas instituciones donde los estudiantes pertenezcan\u00a0 a familias de retorno,\u00a0 reparaci\u00f3n y\u00a0 desplazadas por los fen\u00f3menos naturales. El secretario de Educaci\u00f3n de Bol\u00edvar, Robinson Casarrubia Cardona, en nombre del gobierno del \u201cBol\u00edvar Si Avanza\u201d, que lidera el primer mandatario Dumek Turbay Paz, oficializ\u00f3 los decretos que convierten a&#8230; <\/p>\n","protected":false},"author":3,"featured_media":29071,"comment_status":"open","ping_status":"closed","sticky":false,"template":"","format":"standard","meta":{"footnotes":"","_links_to":"","_links_to_target":""},"categories":[75,33,80],"tags":[],"class_list":["post-29069","post","type-post","status-publish","format-standard","has-post-thumbnail","hentry","category-destacada","category-actualidad-bolivar","category-region"],"_links":{"self":[{"href":"https:\/\/revistazetta.com\/index.php?rest_route=\/wp\/v2\/posts\/29069","targetHints":{"allow":["GET"]}}],"collection":[{"href":"https:\/\/revistazetta.com\/index.php?rest_route=\/wp\/v2\/posts"}],"about":[{"href":"https:\/\/revistazetta.com\/index.php?rest_route=\/wp\/v2\/types\/post"}],"author":[{"embeddable":true,"href":"https:\/\/revistazetta.com\/index.php?rest_route=\/wp\/v2\/users\/3"}],"replies":[{"embeddable":true,"href":"https:\/\/revistazetta.com\/index.php?rest_route=%2Fwp%2Fv2%2Fcomments&post=29069"}],"version-history":[{"count":0,"href":"https:\/\/revistazetta.com\/index.php?rest_route=\/wp\/v2\/posts\/29069\/revisions"}],"wp:featuredmedia":[{"embeddable":true,"href":"https:\/\/revistazetta.com\/index.php?rest_route=\/wp\/v2\/media\/29071"}],"wp:attachment":[{"href":"https:\/\/revistazetta.com\/index.php?rest_route=%2Fwp%2Fv2%2Fmedia&parent=29069"}],"wp:term":[{"taxonomy":"category","embeddable":true,"href":"https:\/\/revistazetta.com\/index.php?rest_route=%2Fwp%2Fv2%2Fcategories&post=29069"},{"taxonomy":"post_tag","embeddable":true,"href":"https:\/\/revistazetta.com\/index.php?rest_route=%2Fwp%2Fv2%2Ftags&post=29069"}],"curies":[{"name":"wp","href":"https:\/\/api.w.org\/{rel}","templated":true}]}}