{"id":29072,"date":"2019-02-18T17:25:11","date_gmt":"2019-02-18T22:25:11","guid":{"rendered":"http:\/\/www.revistazetta.com\/?p=29072"},"modified":"2019-02-18T17:25:11","modified_gmt":"2019-02-18T22:25:11","slug":"investigan-empresa-taxista-venezolano-agredio-agente-del-datt","status":"publish","type":"post","link":"https:\/\/revistazetta.com\/?p=29072","title":{"rendered":"Investigan a empresa por taxista venezolano que agredi\u00f3 a agente del DATT"},"content":{"rendered":"<p>El Departamento Administrativo de Tr\u00e1nsito y Transporte, DATT, abrir\u00e1 investigaci\u00f3n contra la empresa de transporte Cootraindias, por tener conductor no id\u00f3neo prestando servicio p\u00fablico individual \u00f3 taxi.<\/p>\n<p>A esta empresa est\u00e1 afiliado el taxi que en la ma\u00f1ana del domingo, su conductor \u00a0agredi\u00f3 a un agente de la instituci\u00f3n, adem\u00e1s de transgredir varias normas de tr\u00e1nsito.<\/p>\n<p>La investigaci\u00f3n administrativa de transporte que realizar\u00e1 el DATT podr\u00eda generarle una sanci\u00f3n hasta de 1 a 700 salarios m\u00ednimos mensuales vigentes. El DATT ha generado sanciones por este tipo de conductas hasta de 10 smmlv. Actualmente hay tres procesos activos contra otras empresas por similar infracci\u00f3n, dos de ellos ya tienen sanci\u00f3n respectiva (una en apelaci\u00f3n y otra en etapa de cobro coactivo).<\/p>\n<p>El conductor fue identificado por el propietario del taxi UAR 849 como Omar Arcila Blanco, de nacionalidad venezolana, y que todav\u00eda se encuentra pr\u00f3fugo. El taxi se encuentra inmovilizado desde este lunes en las instalaciones de la Subdirecci\u00f3n Operativa del DATT.<\/p>\n<p>En manos de la Fiscal\u00eda Seccional qued\u00f3 la denuncia interpuesta contra el conductor por agresi\u00f3n a funcionario p\u00fablico e intento de homicidio.<\/p>\n<p>El agente de tr\u00e1nsito fue sometido a valoraci\u00f3n m\u00e9dica, luego que el taxista procediera a arrastrarlo en el capot del motor de su veh\u00edculo por m\u00e1s de 50 metros en la marginal San L\u00e1zaro, en sector Pie del Cerro.<\/p>\n<p>El sujeto fue inicialmente requerido por el agente promediando las 9 a.m. al encontrarse mal estacionado en la calle Media Luna, en sector Getseman\u00ed, perturbando la movilidad en el sector.<\/p>\n<p>El taxista se rehus\u00f3 a atender el requerimiento, encendi\u00f3 su veh\u00edculo e intent\u00f3 arrollar al uniformado, d\u00e1ndose a la fuga. El agente lo intercept\u00f3 en inmediaciones del parque del Reloj Solar y tambi\u00e9n atent\u00f3 contra \u00e9ste rod\u00e1ndolo varios metros en su capot.<\/p>\n","protected":false},"excerpt":{"rendered":"<p>El Departamento Administrativo de Tr\u00e1nsito y Transporte, DATT, abrir\u00e1 investigaci\u00f3n contra la empresa de transporte Cootraindias, por tener conductor no id\u00f3neo prestando servicio p\u00fablico individual \u00f3 taxi. A esta empresa est\u00e1 afiliado el taxi que en la ma\u00f1ana del domingo, su conductor \u00a0agredi\u00f3 a un agente de la instituci\u00f3n, adem\u00e1s de transgredir varias normas de tr\u00e1nsito. La investigaci\u00f3n administrativa de transporte que realizar\u00e1 el DATT podr\u00eda generarle una sanci\u00f3n hasta de 1 a 700 salarios m\u00ednimos mensuales vigentes. El DATT ha generado sanciones por este tipo de conductas hasta de&#8230; <\/p>\n","protected":false},"author":3,"featured_media":29073,"comment_status":"open","ping_status":"closed","sticky":false,"template":"","format":"standard","meta":{"footnotes":"","_links_to":"","_links_to_target":""},"categories":[32,87],"tags":[],"class_list":["post-29072","post","type-post","status-publish","format-standard","has-post-thumbnail","hentry","category-actualidad-distrito","category-movilidad"],"_links":{"self":[{"href":"https:\/\/revistazetta.com\/index.php?rest_route=\/wp\/v2\/posts\/29072","targetHints":{"allow":["GET"]}}],"collection":[{"href":"https:\/\/revistazetta.com\/index.php?rest_route=\/wp\/v2\/posts"}],"about":[{"href":"https:\/\/revistazetta.com\/index.php?rest_route=\/wp\/v2\/types\/post"}],"author":[{"embeddable":true,"href":"https:\/\/revistazetta.com\/index.php?rest_route=\/wp\/v2\/users\/3"}],"replies":[{"embeddable":true,"href":"https:\/\/revistazetta.com\/index.php?rest_route=%2Fwp%2Fv2%2Fcomments&post=29072"}],"version-history":[{"count":0,"href":"https:\/\/revistazetta.com\/index.php?rest_route=\/wp\/v2\/posts\/29072\/revisions"}],"wp:featuredmedia":[{"embeddable":true,"href":"https:\/\/revistazetta.com\/index.php?rest_route=\/wp\/v2\/media\/29073"}],"wp:attachment":[{"href":"https:\/\/revistazetta.com\/index.php?rest_route=%2Fwp%2Fv2%2Fmedia&parent=29072"}],"wp:term":[{"taxonomy":"category","embeddable":true,"href":"https:\/\/revistazetta.com\/index.php?rest_route=%2Fwp%2Fv2%2Fcategories&post=29072"},{"taxonomy":"post_tag","embeddable":true,"href":"https:\/\/revistazetta.com\/index.php?rest_route=%2Fwp%2Fv2%2Ftags&post=29072"}],"curies":[{"name":"wp","href":"https:\/\/api.w.org\/{rel}","templated":true}]}}