{"id":29102,"date":"2019-02-22T06:32:51","date_gmt":"2019-02-22T11:32:51","guid":{"rendered":"http:\/\/www.revistazetta.com\/?p=29102"},"modified":"2019-02-22T06:55:34","modified_gmt":"2019-02-22T11:55:34","slug":"luis-daniel-vargas-doctor-ciencias-la-educacion","status":"publish","type":"post","link":"https:\/\/revistazetta.com\/?p=29102","title":{"rendered":"Luis Daniel Vargas, Doctor en Ciencias de la Educaci\u00f3n"},"content":{"rendered":"<p>El precandidato a la Gobernaci\u00f3n de Bolivar, Luis Daniel Vargas, cumpli\u00f3 este jueves otro sue\u00f1o m\u00e1s en su vida al tomar grado como doctor en Ciencias de la Educaci\u00f3n de la gloriosa Universidad de Cartagena.<\/p>\n<p>El acto de graduaci\u00f3n se realiz\u00f3 en la sede San Agust\u00edn del Alma Mater y estuvo presidido por directivas de la instituci\u00f3n.<\/p>\n<p>\u201cAgradeci\u00e9ndole a Dios por esta oportunidad de seguir form\u00e1ndome para ponerlo al servicio de nuestro departamento y sus gentes\u201d, expres\u00f3 entre l\u00e1grimas de felicidad Luis Daniel Vargas<\/p>\n<p>El dirigente busca ser candidato a la Gobernaci\u00f3n por el partido Liberal, y con ese fin visita diariamente las comunidades de Cartagena y el departamento.<\/p>\n","protected":false},"excerpt":{"rendered":"<p>El precandidato a la Gobernaci\u00f3n de Bolivar, Luis Daniel Vargas, cumpli\u00f3 este jueves otro sue\u00f1o m\u00e1s en su vida al tomar grado como doctor en Ciencias de la Educaci\u00f3n de la gloriosa Universidad de Cartagena. El acto de graduaci\u00f3n se realiz\u00f3 en la sede San Agust\u00edn del Alma Mater y estuvo presidido por directivas de la instituci\u00f3n. \u201cAgradeci\u00e9ndole a Dios por esta oportunidad de seguir form\u00e1ndome para ponerlo al servicio de nuestro departamento y sus gentes\u201d, expres\u00f3 entre l\u00e1grimas de felicidad Luis Daniel Vargas El dirigente busca ser candidato a&#8230; <\/p>\n","protected":false},"author":3,"featured_media":29103,"comment_status":"open","ping_status":"closed","sticky":false,"template":"","format":"standard","meta":{"footnotes":"","_links_to":"","_links_to_target":""},"categories":[75,4],"tags":[],"class_list":["post-29102","post","type-post","status-publish","format-standard","has-post-thumbnail","hentry","category-destacada","category-politica"],"_links":{"self":[{"href":"https:\/\/revistazetta.com\/index.php?rest_route=\/wp\/v2\/posts\/29102","targetHints":{"allow":["GET"]}}],"collection":[{"href":"https:\/\/revistazetta.com\/index.php?rest_route=\/wp\/v2\/posts"}],"about":[{"href":"https:\/\/revistazetta.com\/index.php?rest_route=\/wp\/v2\/types\/post"}],"author":[{"embeddable":true,"href":"https:\/\/revistazetta.com\/index.php?rest_route=\/wp\/v2\/users\/3"}],"replies":[{"embeddable":true,"href":"https:\/\/revistazetta.com\/index.php?rest_route=%2Fwp%2Fv2%2Fcomments&post=29102"}],"version-history":[{"count":0,"href":"https:\/\/revistazetta.com\/index.php?rest_route=\/wp\/v2\/posts\/29102\/revisions"}],"wp:featuredmedia":[{"embeddable":true,"href":"https:\/\/revistazetta.com\/index.php?rest_route=\/wp\/v2\/media\/29103"}],"wp:attachment":[{"href":"https:\/\/revistazetta.com\/index.php?rest_route=%2Fwp%2Fv2%2Fmedia&parent=29102"}],"wp:term":[{"taxonomy":"category","embeddable":true,"href":"https:\/\/revistazetta.com\/index.php?rest_route=%2Fwp%2Fv2%2Fcategories&post=29102"},{"taxonomy":"post_tag","embeddable":true,"href":"https:\/\/revistazetta.com\/index.php?rest_route=%2Fwp%2Fv2%2Ftags&post=29102"}],"curies":[{"name":"wp","href":"https:\/\/api.w.org\/{rel}","templated":true}]}}