{"id":29104,"date":"2019-02-22T06:38:46","date_gmt":"2019-02-22T11:38:46","guid":{"rendered":"http:\/\/www.revistazetta.com\/?p=29104"},"modified":"2019-02-22T06:38:46","modified_gmt":"2019-02-22T11:38:46","slug":"comfenalco-unibac-firman-convenio-cooperacion-academica-cultural","status":"publish","type":"post","link":"https:\/\/revistazetta.com\/?p=29104","title":{"rendered":"Comfenalco y Unibac firman convenio de cooperaci\u00f3n acad\u00e9mica y cultural"},"content":{"rendered":"<p>Comfenalco y la Instituci\u00f3n Universitaria Bellas Artes y Ciencias de Bol\u00edvar (Unibac) formalizaron un convenio de cooperaci\u00f3n interinstitucional, que permitir\u00e1 fortalecer sus programas acad\u00e9micos y culturales, as\u00ed como la colaboraci\u00f3n en las \u00e1reas que sean de mutuo inter\u00e9s y beneficio.<\/p>\n<p>&nbsp;<\/p>\n<p>Con el acuerdo, el Conservatorio Adolfo Mej\u00eda de Unibac articular\u00e1 su pregrado de Maestro en M\u00fasica con el\u00a0\u00e9nfasis que ofrece la Escuela de M\u00fasica de Comfenalco, reconociendo los saberes y destrezas apropiados por sus estudiantes, lo que les permitir\u00e1 adelantar estudios universitarios en menor tiempo.<\/p>\n<p>Otro aspecto para resaltar del acuerdo es el acceso que tendr\u00e1n los estudiantes de las dos instituciones, a los convenios nacionales e internacionales suscrito por las dos partes con terceros.<\/p>\n<p>&nbsp;<\/p>\n<p>Asimismo, el convenio contempla el intercambio docente, el desarrollo de una<strong>\u00a0<\/strong>agenda cultural y acad\u00e9mica compartida que contribuya a enriquecer el aprendizaje de los estudiantes, y el pr\u00e9stamo mutuo de espacios f\u00edsicos.<\/p>\n<p><strong>\u00a0<\/strong><\/p>\n<p>El convenio firmado por\u00a0Jaime Trucco del Castillo, director de Comfenalco; y Sacra N\u00e1der David, rectora de Unibac; se convierte en una importante iniciativa de trabajo mancomunado entre una instituci\u00f3n privada y p\u00fablica, en beneficios de la educaci\u00f3n de los j\u00f3venes de la regi\u00f3n.<\/p>\n","protected":false},"excerpt":{"rendered":"<p>Comfenalco y la Instituci\u00f3n Universitaria Bellas Artes y Ciencias de Bol\u00edvar (Unibac) formalizaron un convenio de cooperaci\u00f3n interinstitucional, que permitir\u00e1 fortalecer sus programas acad\u00e9micos y culturales, as\u00ed como la colaboraci\u00f3n en las \u00e1reas que sean de mutuo inter\u00e9s y beneficio. &nbsp; Con el acuerdo, el Conservatorio Adolfo Mej\u00eda de Unibac articular\u00e1 su pregrado de Maestro en M\u00fasica con el\u00a0\u00e9nfasis que ofrece la Escuela de M\u00fasica de Comfenalco, reconociendo los saberes y destrezas apropiados por sus estudiantes, lo que les permitir\u00e1 adelantar estudios universitarios en menor tiempo. Otro aspecto para resaltar&#8230; <\/p>\n","protected":false},"author":3,"featured_media":29105,"comment_status":"open","ping_status":"closed","sticky":false,"template":"","format":"standard","meta":{"footnotes":"","_links_to":"","_links_to_target":""},"categories":[3,75,51],"tags":[],"class_list":["post-29104","post","type-post","status-publish","format-standard","has-post-thumbnail","hentry","category-ciudad","category-destacada","category-universidad"],"_links":{"self":[{"href":"https:\/\/revistazetta.com\/index.php?rest_route=\/wp\/v2\/posts\/29104","targetHints":{"allow":["GET"]}}],"collection":[{"href":"https:\/\/revistazetta.com\/index.php?rest_route=\/wp\/v2\/posts"}],"about":[{"href":"https:\/\/revistazetta.com\/index.php?rest_route=\/wp\/v2\/types\/post"}],"author":[{"embeddable":true,"href":"https:\/\/revistazetta.com\/index.php?rest_route=\/wp\/v2\/users\/3"}],"replies":[{"embeddable":true,"href":"https:\/\/revistazetta.com\/index.php?rest_route=%2Fwp%2Fv2%2Fcomments&post=29104"}],"version-history":[{"count":0,"href":"https:\/\/revistazetta.com\/index.php?rest_route=\/wp\/v2\/posts\/29104\/revisions"}],"wp:featuredmedia":[{"embeddable":true,"href":"https:\/\/revistazetta.com\/index.php?rest_route=\/wp\/v2\/media\/29105"}],"wp:attachment":[{"href":"https:\/\/revistazetta.com\/index.php?rest_route=%2Fwp%2Fv2%2Fmedia&parent=29104"}],"wp:term":[{"taxonomy":"category","embeddable":true,"href":"https:\/\/revistazetta.com\/index.php?rest_route=%2Fwp%2Fv2%2Fcategories&post=29104"},{"taxonomy":"post_tag","embeddable":true,"href":"https:\/\/revistazetta.com\/index.php?rest_route=%2Fwp%2Fv2%2Ftags&post=29104"}],"curies":[{"name":"wp","href":"https:\/\/api.w.org\/{rel}","templated":true}]}}