{"id":29106,"date":"2019-02-22T06:50:40","date_gmt":"2019-02-22T11:50:40","guid":{"rendered":"http:\/\/www.revistazetta.com\/?p=29106"},"modified":"2019-02-22T06:50:40","modified_gmt":"2019-02-22T11:50:40","slug":"salvo-basile-recibe-premio-victor-nieto-toda-una-vida","status":"publish","type":"post","link":"https:\/\/revistazetta.com\/?p=29106","title":{"rendered":"Salvo Basile recibe premio \u00abV\u00edctor Nieto\u00bb a Toda una Vida"},"content":{"rendered":"<p>La versi\u00f3n n\u00famero 35 de los Premios India Catalina, rendir\u00e1 homenaje a Salvo Basile, actor, director y productor consagrado, que lleva m\u00e1s de medio siglo dedicado a engrandecer la industria audiovisual del pa\u00eds.<\/p>\n<p>Su primer papel en la televisi\u00f3n colombiana fue el de un herrero fortach\u00f3n que aparec\u00eda en \u201cCalamar\u201d, una telenovela de piratas y aventuras protagonizada por Carlos Mu\u00f1oz, Margarita Rosa de Francisco y Armando Guti\u00e9rrez estrenada en 1989.<\/p>\n<p>Detr\u00e1s de este primer papel en Colombia, hab\u00eda toda una historia para contar de Salvo Basile, un italiano desparpajado que vino por primera vez a Cartagena en octubre de 1968 como parte de un equipo que buscaba un entorno colonial para filmar la pel\u00edcula Quemada del director italiano Gillo Pontecorvo. \u201cLa imagen de la Tenaza con todo el cord\u00f3n amurallado al atardecer nos hizo enamorar de la ciudad. La Cartagena que yo viv\u00ed cuando llegu\u00e9 realmente era m\u00e1gica. El Centro hist\u00f3rico era un entorno fant\u00e1stico donde los fantasmas andaban como Pedro por su casa\u201d, recuerda mientras alza su voz para protestar por la situaci\u00f3n actual \u201caquella era una ciudad de paz. Hoy Cartagena es otra cosa\u201d.<\/p>\n<p>La carrera actoral de Salvo Basile tuvo sus inicios en el teatro italiano interpretando obras cl\u00e1sicas griegas como \u201cLa paz\u201d, de Arist\u00f3fanes; o \u201cEl le\u00f3n en invierno\u201d. En 1964 trabaj\u00f3 con el recordado actor napolitano Eduardo De Filippo. \u201cYo hac\u00eda un papel muy peque\u00f1o vendiendo marcos en la obra. Bajaba unas escaleras con el marco y sal\u00eda\u201d. De ah\u00ed pas\u00f3 a la comedia musical \u201cYo, yo, ye, ye\u201d, en esta obra hizo 7 papeles. \u2018Recuerdo mucho a mi personaje de \u201cBatman\u201d, junto a Aldo Fabrizio, \u00e9l era el actor principal y en su papel de polic\u00eda me multaba; tambi\u00e9n interpret\u00e9 un marido cornudo, un cantante de Cabaret, un actor joven dentro de esta obra. Fue una experiencia lind\u00edsima. Recorrimos 66 ciudades en toda Italia y fue un gran \u00e9xito\u2019.<\/p>\n<p>Pero todos los caminos conducir\u00edan al cine. En 1968 Salvo asumi\u00f3 el rol de un guardia carcelario corrupto en la pel\u00edcula \u201cSentado a su Derecha\u201d. Era la historia de un l\u00edder rebelde del Congo que luchaba para impedir la explotaci\u00f3n de su pueblo por parte de los colonos europeos. \u2018El director de esta pel\u00edcula, Valerio Zurlini, me dijo: \u201cAh que te gusta estar delante de la c\u00e1mara. Qu\u00e9date y act\u00faa\u201d. Y desde ah\u00ed me enamor\u00e9 de la actuaci\u00f3n.<\/p>\n<p>Salvo adem\u00e1s particip\u00f3 en pel\u00edculas como El Mercenario (1968) de Dieter M\u00fcller, Dos misioneros (1974) de Franco Rossi, Venganza (1976) de Pasquale Festa Campanile, Un amigo es un tesoro (1981) de Sergio Corbucci, Banana Joe (1982) de Steno, D\u00edas de fortuna (1995) de Andrew Davis, El amor en los tiempos del c\u00f3lera (2007) de Mike Newell, \u201cLecciones para un beso\u201d (2011) del director cartagenero Juan Pablo Bustamante y fue productor y protagonista de El cielo (2007), pel\u00edcula dirigida por su hijo Alessandro Basile.<\/p>\n<p>Pero sin duda, uno de los directores que m\u00e1s marcar\u00eda su vida ser\u00eda el colombiano Sergio Cabrera, con \u00e9l inaugurar\u00eda su etapa como productor. El momento estelar fue con la estrategia del Caracol, afamada pel\u00edcula colombiana en la que adem\u00e1s represent\u00f3 el personaje de \u201cMatatigres\u201d. \u201cLuchamos mucho en esta producci\u00f3n. Soy el \u00fanico productor al que casi llevan a la c\u00e1rcel por terminar su pel\u00edcula\u201d. Lo que vino despu\u00e9s fue una lista interminable de premios nacionales como el Premio \u00d3pera Prima y Premio de la Cr\u00edtica Especializada en el 34\u00b0 Festival Internacional de Cine de Cartagena (Colombia) 1994; Mejor Pel\u00edcula Colombiana en el 11\u00b0 Festival de Cine de Bogot\u00e1 (Colombia) 1994; e internacionales como el Gran Premio Espiga de Oro, Premio del P\u00fablico y Premio de la juventud en el Festival de Valladolid (Espa\u00f1a) de 1993, Premio OCIC en el 44\u00b0 Festival Internacional de Cine de Berl\u00edn (24\u00b0 Foro Internacional de Cine Joven) (Berl\u00edn &#8211; Alemania) 1994, Premio del p\u00fablico en el 11\u00b0 Annual Chicago Latino Film Festival (Chicago &#8211; Estados Unidos) 1995 y la nominaci\u00f3n a mejor pel\u00edcula extranjera de habla hispana en el 9\u00b0 Premio Goya (Espa\u00f1a) 1995, entre otros.<\/p>\n<p>Junto a Sergio Cabrera adem\u00e1s produjo \u00c1guilas no cazan moscas (1995) e Ilona llega con la lluvia (1996), ambas merecedoras tambi\u00e9n de premios y reconocimientos internacionales.<\/p>\n<p>Su papel preferido como actor de televisi\u00f3n en Colombia fue en la telenovela \u201cLa mujer en el espejo\u201d (1997). \u201cA las mujeres les encanta el diablo. Yo hice el papel de Lucifer, era un diablo, con las u\u00f1as largas, con las llamas en los ojos, con un gato aqu\u00ed, y eso fue formidable\u201d.<\/p>\n<p>Salvo Basile adem\u00e1s particip\u00f3 como actor de memorables telenovelas nacionales como Caf\u00e9 con Aroma de Mujer (1994), Prisioneros del amor (1997), Pobre Pablo (2000), Sof\u00eda dame tiempo (2003), Las noches de Luciana (2004), Las trampas del amor (2009) y la luz de mis ojos (2017), entre otras.<\/p>\n<p>Tambi\u00e9n ha sido presentador de televisi\u00f3n, columnista de opini\u00f3n, periodista y fot\u00f3grafo. \u201cReci\u00e9n llegado a Colombia tuve el estudio de fotograf\u00eda \u201cSalvo Estudio\u201d. Despu\u00e9s fue director creativo de la agencia Leo Burnet. \u201cPero el cine siempre me manejaba la vida. Cada seis meses me desaparec\u00eda de la agencia para hacer una pel\u00edcula por cuatro meses\u201d.<\/p>\n<p>Como l\u00edder de opini\u00f3n, ha sido un luchador incansable por la paz de Colombia. Dice que, con la terminaci\u00f3n del conflicto, la \u00fanica guerra que hay que declarar es contra el hambre. \u201cAhora mismo soy consultor de comunicaciones del Banco de Alimentos de Colombia. Hemos llegado a 800.000 personas pero eso no es nada frente al problema tan grave que vive la gente. Hay ocho millones de personas en todo el pa\u00eds en una situaci\u00f3n muy dif\u00edcil\u201d.<\/p>\n<p>Salvo tambi\u00e9n ha sido c\u00f3mplice y maestro de un sinn\u00famero de estudiantes que ven en la industria audiovisual y publicitaria posibilidades infinitas. Me gusta compartir con los estudiantes lo que yo s\u00e9, pero les ense\u00f1o haciendo. Muy pronto empezaremos el proyecto \u201cM\u00e1s Cartagena\u201d con estudiantes de la Universidad Jorge Tadeo Lozano. Primero haremos el gui\u00f3n, luego la filmaci\u00f3n, la producci\u00f3n y la posproducci\u00f3n. Yo s\u00e9 hacer una pel\u00edcula, eso es lo que voy a compartir con ellos.<\/p>\n<p>Pero qu\u00e9 recomienda Salvo a los nuevos realizadores: \u201cUn buen cinematografista tiene que ser culto. Lean, vean buen cine y escriban mucho\u201d. \u201cVivimos en una \u00e9poca tan maravillosa que ya se puede hacer cine con un celular, no hay l\u00edmites\u201d.<\/p>\n<p>La versi\u00f3n 35 de los Premios India Catalina que se desarrollar\u00e1 durante el 59\u00b0 Festival Internacional de Cine de Cartagena rinde homenaje al actor, al productor, al ciudadano comprometido que con su vida y obra no deja de dar \u00e1nimos cuando m\u00e1s necesidad hay de ello.<\/p>\n","protected":false},"excerpt":{"rendered":"<p>La versi\u00f3n n\u00famero 35 de los Premios India Catalina, rendir\u00e1 homenaje a Salvo Basile, actor, director y productor consagrado, que lleva m\u00e1s de medio siglo dedicado a engrandecer la industria audiovisual del pa\u00eds. Su primer papel en la televisi\u00f3n colombiana fue el de un herrero fortach\u00f3n que aparec\u00eda en \u201cCalamar\u201d, una telenovela de piratas y aventuras protagonizada por Carlos Mu\u00f1oz, Margarita Rosa de Francisco y Armando Guti\u00e9rrez estrenada en 1989. Detr\u00e1s de este primer papel en Colombia, hab\u00eda toda una historia para contar de Salvo Basile, un italiano desparpajado que&#8230; <\/p>\n","protected":false},"author":3,"featured_media":29107,"comment_status":"open","ping_status":"closed","sticky":false,"template":"","format":"standard","meta":{"footnotes":"","_links_to":"","_links_to_target":""},"categories":[41,60],"tags":[],"class_list":["post-29106","post","type-post","status-publish","format-standard","has-post-thumbnail","hentry","category-cultura","category-cine"],"_links":{"self":[{"href":"https:\/\/revistazetta.com\/index.php?rest_route=\/wp\/v2\/posts\/29106","targetHints":{"allow":["GET"]}}],"collection":[{"href":"https:\/\/revistazetta.com\/index.php?rest_route=\/wp\/v2\/posts"}],"about":[{"href":"https:\/\/revistazetta.com\/index.php?rest_route=\/wp\/v2\/types\/post"}],"author":[{"embeddable":true,"href":"https:\/\/revistazetta.com\/index.php?rest_route=\/wp\/v2\/users\/3"}],"replies":[{"embeddable":true,"href":"https:\/\/revistazetta.com\/index.php?rest_route=%2Fwp%2Fv2%2Fcomments&post=29106"}],"version-history":[{"count":0,"href":"https:\/\/revistazetta.com\/index.php?rest_route=\/wp\/v2\/posts\/29106\/revisions"}],"wp:featuredmedia":[{"embeddable":true,"href":"https:\/\/revistazetta.com\/index.php?rest_route=\/wp\/v2\/media\/29107"}],"wp:attachment":[{"href":"https:\/\/revistazetta.com\/index.php?rest_route=%2Fwp%2Fv2%2Fmedia&parent=29106"}],"wp:term":[{"taxonomy":"category","embeddable":true,"href":"https:\/\/revistazetta.com\/index.php?rest_route=%2Fwp%2Fv2%2Fcategories&post=29106"},{"taxonomy":"post_tag","embeddable":true,"href":"https:\/\/revistazetta.com\/index.php?rest_route=%2Fwp%2Fv2%2Ftags&post=29106"}],"curies":[{"name":"wp","href":"https:\/\/api.w.org\/{rel}","templated":true}]}}