{"id":29112,"date":"2019-02-22T07:10:28","date_gmt":"2019-02-22T12:10:28","guid":{"rendered":"http:\/\/www.revistazetta.com\/?p=29112"},"modified":"2019-02-22T07:11:13","modified_gmt":"2019-02-22T12:11:13","slug":"compromiso-seguridad-del-distrito-pie-la-popa","status":"publish","type":"post","link":"https:\/\/revistazetta.com\/?p=29112","title":{"rendered":"Compromiso de seguridad del Distrito con el Pie de la Popa"},"content":{"rendered":"<blockquote><p><strong>En Consejo Comunitario de Seguridad, en el Pie de la Popa, se anuncian operativos de control y recuperaci\u00f3n de la zona de mangles en la Avenida de El Lago<\/strong><\/p><\/blockquote>\n<p><img loading=\"lazy\" decoding=\"async\" class=\"alignright size-medium wp-image-29114\" src=\"https:\/\/www.revistazetta.com\/wp-content\/uploads\/2019\/02\/PHOTO-2019-02-22-06-20-37-300x200.jpg\" alt=\"\" width=\"300\" height=\"200\" srcset=\"https:\/\/revistazetta.com\/wp-content\/uploads\/2019\/02\/PHOTO-2019-02-22-06-20-37-300x200.jpg 300w, https:\/\/revistazetta.com\/wp-content\/uploads\/2019\/02\/PHOTO-2019-02-22-06-20-37-1024x682.jpg 1024w, https:\/\/revistazetta.com\/wp-content\/uploads\/2019\/02\/PHOTO-2019-02-22-06-20-37-219x146.jpg 219w, https:\/\/revistazetta.com\/wp-content\/uploads\/2019\/02\/PHOTO-2019-02-22-06-20-37-50x33.jpg 50w, https:\/\/revistazetta.com\/wp-content\/uploads\/2019\/02\/PHOTO-2019-02-22-06-20-37-113x75.jpg 113w, https:\/\/revistazetta.com\/wp-content\/uploads\/2019\/02\/PHOTO-2019-02-22-06-20-37.jpg 1280w\" sizes=\"auto, (max-width: 300px) 100vw, 300px\" \/>Bajo la gu\u00eda del alcalde de Cartagena, Pedrito Pereira Caballero, en la noche de este jueves se realiz\u00f3 un nuevo Consejo Comunitario de Seguridad, esta vez en el barrio Pie de la Popa.<br \/>\nLos habitantes de esta zona de Cartagena se hicieron presentes en dicho encuentro y dieron a conocer las dificultades que padecen en cuanto a la seguridad en el sector.<br \/>\nComo en todos estos encuentros, la comunidad aprovech\u00f3 la presencia de varios de los funcionarios del Distrito para explicar las problem\u00e1ticas que se presentan en el barrio.<br \/>\nLa queja que m\u00e1s preocupa a los moradores del Pie de la Popa es que el Paseo Peatonal paralelo a la Avenida de El Lago ha perdido su raz\u00f3n de ser, dej\u00f3 de convertirse en un sitio de esparcimiento debido a la presencia en gran cantidad de habitantes de calle, consumidores de drogas, prostitutas, que se han apoderado de la zona de mangles.<br \/>\nLos habitantes del Pie de la Popa, dijeron que les da miedo salir a hacer ejercicios y deportes, debido a que en horas de la tarde y noche, gran parte de esa \u00e1rea est\u00e1 a oscuras y temen que les pueda ocurrir alg\u00fan hecho que afecte su integridad.<br \/>\nIgualmente, pidieron la instalaci\u00f3n de reductores de velocidad para evitar que los veh\u00edculos circulen a altas velocidades por las calles internas del barrio y que se trabaje para erradicar las invasiones del espacio p\u00fablico en la Calle 30, Plaza de la Ermita y frente a la cl\u00ednica Cartagena del Mar.<br \/>\nSolicitaron tambi\u00e9n la instalaci\u00f3n de un CAI, as\u00ed como alarmas comunitarias.<br \/>\nLa comunidad aprovech\u00f3 para agradecerle al alcalde Pereira por todo el apoyo brindado\u00a0 que permiti\u00f3 el \u00e9xito de las Fiestas de la Candelaria.<\/p>\n<p>*Respuesta a requerimientos*<\/p>\n<p>Ante estas solicitudes, el alcalde Pereira Caballero dijo que trabajar\u00e1 de la mano con el secretario del Interior y Convivencia Ciudadana, Jos\u00e9 Carlos Puello Rubio, y las dem\u00e1s autoridades, en la b\u00fasqueda de las soluciones a las peticiones de la comunidad.<br \/>\n\u201cSe va a gestionar ante la Direcci\u00f3n de la Polic\u00eda Nacional \u00a0la instalaci\u00f3n del CAI en la Avenida del Lago\u201d, dijo el secretario del Interior y Convivencia Ciudadana, Jos\u00e9 Carlos Puello Rubio.<br \/>\nEn cuanto a la presencia de habitantes de\u00a0 calle y de otras personas en los mangles, se anunci\u00f3 \u00a0la puesta en marcha de operativos de control y vigilancia y se programar\u00e1 una Caravana de Seguridad en el barrio.<br \/>\nTambi\u00e9n se anunci\u00f3 una inversi\u00f3n para mejorar la infraestructura el Complejo de Raquetas para darle buen uso y que se incentive este deporte.<br \/>\nCon la Secretaria de Participaci\u00f3n Comunitaria se trabajar\u00e1 en la atenci\u00f3n de los habitantes de calle, con operativos de intervenci\u00f3n social.<br \/>\nHabr\u00e1, dijo Puello Rubio, operativos de control a la subida de la Popa.<br \/>\nSe implementar\u00e1n frentes de seguridad y se instalar\u00e1n algunas alarmas comunitarias en el Pie de la Popa.<br \/>\nEl Datt y alumbrado p\u00fablico deben mejorar la semaforizaci\u00f3n y se\u00f1alizaci\u00f3n vial.<br \/>\nA este encuentro asistieron varios de los secretarios de despacho, representantes de la Polic\u00eda y otras entidades y organismos.<\/p>\n","protected":false},"excerpt":{"rendered":"<p>En Consejo Comunitario de Seguridad, en el Pie de la Popa, se anuncian operativos de control y recuperaci\u00f3n de la zona de mangles en la Avenida de El Lago Bajo la gu\u00eda del alcalde de Cartagena, Pedrito Pereira Caballero, en la noche de este jueves se realiz\u00f3 un nuevo Consejo Comunitario de Seguridad, esta vez en el barrio Pie de la Popa. Los habitantes de esta zona de Cartagena se hicieron presentes en dicho encuentro y dieron a conocer las dificultades que padecen en cuanto a la seguridad en el&#8230; <\/p>\n","protected":false},"author":3,"featured_media":29113,"comment_status":"open","ping_status":"closed","sticky":false,"template":"","format":"standard","meta":{"footnotes":"","_links_to":"","_links_to_target":""},"categories":[32,88],"tags":[],"class_list":["post-29112","post","type-post","status-publish","format-standard","has-post-thumbnail","hentry","category-actualidad-distrito","category-seguridad"],"_links":{"self":[{"href":"https:\/\/revistazetta.com\/index.php?rest_route=\/wp\/v2\/posts\/29112","targetHints":{"allow":["GET"]}}],"collection":[{"href":"https:\/\/revistazetta.com\/index.php?rest_route=\/wp\/v2\/posts"}],"about":[{"href":"https:\/\/revistazetta.com\/index.php?rest_route=\/wp\/v2\/types\/post"}],"author":[{"embeddable":true,"href":"https:\/\/revistazetta.com\/index.php?rest_route=\/wp\/v2\/users\/3"}],"replies":[{"embeddable":true,"href":"https:\/\/revistazetta.com\/index.php?rest_route=%2Fwp%2Fv2%2Fcomments&post=29112"}],"version-history":[{"count":0,"href":"https:\/\/revistazetta.com\/index.php?rest_route=\/wp\/v2\/posts\/29112\/revisions"}],"wp:featuredmedia":[{"embeddable":true,"href":"https:\/\/revistazetta.com\/index.php?rest_route=\/wp\/v2\/media\/29113"}],"wp:attachment":[{"href":"https:\/\/revistazetta.com\/index.php?rest_route=%2Fwp%2Fv2%2Fmedia&parent=29112"}],"wp:term":[{"taxonomy":"category","embeddable":true,"href":"https:\/\/revistazetta.com\/index.php?rest_route=%2Fwp%2Fv2%2Fcategories&post=29112"},{"taxonomy":"post_tag","embeddable":true,"href":"https:\/\/revistazetta.com\/index.php?rest_route=%2Fwp%2Fv2%2Ftags&post=29112"}],"curies":[{"name":"wp","href":"https:\/\/api.w.org\/{rel}","templated":true}]}}