{"id":29115,"date":"2019-02-22T07:15:46","date_gmt":"2019-02-22T12:15:46","guid":{"rendered":"http:\/\/www.revistazetta.com\/?p=29115"},"modified":"2019-02-22T07:15:46","modified_gmt":"2019-02-22T12:15:46","slug":"mas-tecnologia-mejor-comunicacion-la-policia","status":"publish","type":"post","link":"https:\/\/revistazetta.com\/?p=29115","title":{"rendered":"M\u00e1s tecnolog\u00eda para mejor comunicaci\u00f3n con la Polic\u00eda"},"content":{"rendered":"<p>Las comunicaciones de la comunidades en Cartagena con la Polic\u00eda Metropolitana de Cartagena est\u00e1n garantizadas para todo el 2019, luego de la renovaci\u00f3n y firma de un contrato con Avantel que incluye planes de voz y de datos para los 120 cuadrantes fijos y 20 cuadrantes m\u00f3viles con los que cuenta el Distrito, abarcando as\u00ed la cobertura total de comunicaciones a favor de la seguridad en la ciudad.<br \/>\nLa inversi\u00f3n que hace el Distrito, a trav\u00e9s de Distriseguridad, para este servicio es de 482 millones de pesos e incluye 140 planes de datos para los cuadrantes, 160 planes de voz y 170 bolsas de elementos para mantenimientos de equipos de comunicaci\u00f3n.<br \/>\nTodas estas herramientas le permitir\u00e1n, adem\u00e1s, a la Polic\u00eda Metropolitana de Cartagena realizar labores de prevenci\u00f3n como consulta de antecedentes a personas, veh\u00edculos e identificaci\u00f3n de dispositivos m\u00f3viles, entre otros.<br \/>\nEl alcalde Pedrito Pereira Caballero indic\u00f3 que esta administraci\u00f3n seguir\u00e1 brindando herramientas para garantizar la seguridad a los cartageneros. \u201cLo \u00fanico que se necesita es que la comunidad sea la mejor aliada de las autoridades. As\u00ed podemos ganarle la batalla al hampa\u201d, indic\u00f3.<br \/>\n\u201cEsta importante inversi\u00f3n debe repercutir adem\u00e1s en la reacci\u00f3n oportuna de la Polic\u00eda Metropolitana de Cartagena hacia el ciudadano\u201d, concluy\u00f3 Gabriel Vergara Lago, concluy\u00f3 el director de Distriseguridad.<\/p>\n","protected":false},"excerpt":{"rendered":"<p>Las comunicaciones de la comunidades en Cartagena con la Polic\u00eda Metropolitana de Cartagena est\u00e1n garantizadas para todo el 2019, luego de la renovaci\u00f3n y firma de un contrato con Avantel que incluye planes de voz y de datos para los 120 cuadrantes fijos y 20 cuadrantes m\u00f3viles con los que cuenta el Distrito, abarcando as\u00ed la cobertura total de comunicaciones a favor de la seguridad en la ciudad. La inversi\u00f3n que hace el Distrito, a trav\u00e9s de Distriseguridad, para este servicio es de 482 millones de pesos e incluye 140&#8230; <\/p>\n","protected":false},"author":3,"featured_media":29116,"comment_status":"open","ping_status":"closed","sticky":false,"template":"","format":"standard","meta":{"footnotes":"","_links_to":"","_links_to_target":""},"categories":[75,32,88],"tags":[],"class_list":["post-29115","post","type-post","status-publish","format-standard","has-post-thumbnail","hentry","category-destacada","category-actualidad-distrito","category-seguridad"],"_links":{"self":[{"href":"https:\/\/revistazetta.com\/index.php?rest_route=\/wp\/v2\/posts\/29115","targetHints":{"allow":["GET"]}}],"collection":[{"href":"https:\/\/revistazetta.com\/index.php?rest_route=\/wp\/v2\/posts"}],"about":[{"href":"https:\/\/revistazetta.com\/index.php?rest_route=\/wp\/v2\/types\/post"}],"author":[{"embeddable":true,"href":"https:\/\/revistazetta.com\/index.php?rest_route=\/wp\/v2\/users\/3"}],"replies":[{"embeddable":true,"href":"https:\/\/revistazetta.com\/index.php?rest_route=%2Fwp%2Fv2%2Fcomments&post=29115"}],"version-history":[{"count":0,"href":"https:\/\/revistazetta.com\/index.php?rest_route=\/wp\/v2\/posts\/29115\/revisions"}],"wp:featuredmedia":[{"embeddable":true,"href":"https:\/\/revistazetta.com\/index.php?rest_route=\/wp\/v2\/media\/29116"}],"wp:attachment":[{"href":"https:\/\/revistazetta.com\/index.php?rest_route=%2Fwp%2Fv2%2Fmedia&parent=29115"}],"wp:term":[{"taxonomy":"category","embeddable":true,"href":"https:\/\/revistazetta.com\/index.php?rest_route=%2Fwp%2Fv2%2Fcategories&post=29115"},{"taxonomy":"post_tag","embeddable":true,"href":"https:\/\/revistazetta.com\/index.php?rest_route=%2Fwp%2Fv2%2Ftags&post=29115"}],"curies":[{"name":"wp","href":"https:\/\/api.w.org\/{rel}","templated":true}]}}