{"id":29125,"date":"2019-02-23T10:29:53","date_gmt":"2019-02-23T15:29:53","guid":{"rendered":"http:\/\/www.revistazetta.com\/?p=29125"},"modified":"2019-02-23T10:29:53","modified_gmt":"2019-02-23T15:29:53","slug":"orbita-politica-john-zamora-sabado-23-febrero-2019","status":"publish","type":"post","link":"https:\/\/revistazetta.com\/?p=29125","title":{"rendered":"\u00d3rbita Pol\u00edtica de John Zamora &#8211; s\u00e1bado 23 de febrero 2019"},"content":{"rendered":"<p><strong>CCV estrena socios y aliados<\/strong><\/p>\n<p>Cartagena Como Vamos anda muy complacido por contar con nuevos socios y aliados de grandes kilates: la Fundaci\u00f3n\u00a0Hern\u00e1n Echavarr\u00eda Ol\u00f3zaga, Fundaci\u00f3n Puerto Bah\u00eda, Refiner\u00eda de Cartagena y a la Universidad Tecnol\u00f3gica de Bol\u00edvar.<\/p>\n<p>Seg\u00fan indica en un comunicado, \u201cel apoyo de estas organizaciones marcan una nueva etapa para Cartagena C\u00f3mo Vamos, permitiendo el levantamiento de datos sectorizados de mayor pertinencia para el desarrollo de comunidades. Gracias a este respaldo, CCV se permite innovar con nuevas mediciones, una de ellas ser\u00e1 el proyecto piloto \u00abCartagena Rural C\u00f3mo Vamos\u00bb que har\u00e1 seguimiento a los indicadores de calidad de vida en las Islas de Bar\u00fa y Tierrabomba. Igualmente el programa entregar\u00e1 informaci\u00f3n desagregada por cada unidad comunera de gobierno y por localidades, a trav\u00e9s de plataformas de georreferenciaci\u00f3n y visualizaci\u00f3n interactiva de datos\u201d.<\/p>\n<p>&nbsp;<\/p>\n<p><strong>Elecciones en Unilibre<\/strong><\/p>\n<p>Este 7 de marzo ser\u00e1 la elecci\u00f3n de los representantes de los egresados ante el Consejo Directivo de la Universidad Libre, y entre los candidatos hay uno al que le tenemos alta estimaci\u00f3n en Revista Zetta: nuestro columnista Juan Camilo Romero.<\/p>\n<p>Integra la plancha #3 como principal y Laura Garc\u00eda Vel\u00e1zquez como suplente.<\/p>\n<p>Juan Camilo es Abogado Especialista en Derecho Administrativo, asesor de entidades territoriales. Garc\u00eda Vel\u00e1zquez es contadora especialista en gerencia de empresas comerciales, propietaria de Laura Garc\u00eda Event Planner, reconocida empresaria de la organizaci\u00f3n de bodas y eventos.<\/p>\n<p>Representan la renovaci\u00f3n del establecimiento universitario y pretenden consolidar y visibilizar la presencia de los egresados en la comunidad acad\u00e9mica, pol\u00edtica, judicial, cultural, deportiva, social y pol\u00edtica.<\/p>\n<p>&nbsp;<\/p>\n<p><strong>Ara\u00fajo, a recolectar firmas<\/strong><\/p>\n<p>Esta semana se conocer\u00e1 el nombre del movimiento significativo de ciudadanos que saldr\u00e1 a las calles a recolectar firmas para avalar la postulaci\u00f3n de Fernando Ara\u00fajo Perdomo a la Alcald\u00eda de Cartagena, quien est\u00e1 metido de lleno en los preparativos de su campa\u00f1a.<\/p>\n<p>Como se sabe, el excanciller es de las entra\u00f1as del Partido Conservador, fue jefe de debate de la campa\u00f1a de Marta Luc\u00eda Ram\u00edrez, es cercano al gobierno nacional que lo nombr\u00f3 uno de sus representantes en la Junta Directiva de la C\u00e1mara de Comercio, y adem\u00e1s muy amigo del expresidente \u00c1lvaro Uiribe, para no mencionar que es el padre del senador Fernando Nicol\u00e1s Ara\u00fajo Rumi\u00e9, que se ha consolidado como uno de los congresistas estrella del Centro Democr\u00e1tico.<\/p>\n<p>Con tanta cercan\u00eda a esos dos partidos, resulta llamativo que haya preferido aspirar por firmas, pero ya hemos dicho que ello tiene enormes ventajas. En breve sabremos m\u00e1s de su plataforma pol\u00edtica.<\/p>\n","protected":false},"excerpt":{"rendered":"<p>CCV estrena socios y aliados Cartagena Como Vamos anda muy complacido por contar con nuevos socios y aliados de grandes kilates: la Fundaci\u00f3n\u00a0Hern\u00e1n Echavarr\u00eda Ol\u00f3zaga, Fundaci\u00f3n Puerto Bah\u00eda, Refiner\u00eda de Cartagena y a la Universidad Tecnol\u00f3gica de Bol\u00edvar. Seg\u00fan indica en un comunicado, \u201cel apoyo de estas organizaciones marcan una nueva etapa para Cartagena C\u00f3mo Vamos, permitiendo el levantamiento de datos sectorizados de mayor pertinencia para el desarrollo de comunidades. Gracias a este respaldo, CCV se permite innovar con nuevas mediciones, una de ellas ser\u00e1 el proyecto piloto \u00abCartagena Rural&#8230; <\/p>\n","protected":false},"author":3,"featured_media":29126,"comment_status":"open","ping_status":"closed","sticky":false,"template":"","format":"standard","meta":{"footnotes":"","_links_to":"","_links_to_target":""},"categories":[75,44,45],"tags":[],"class_list":["post-29125","post","type-post","status-publish","format-standard","has-post-thumbnail","hentry","category-destacada","category-materiagris","category-orbita"],"_links":{"self":[{"href":"https:\/\/revistazetta.com\/index.php?rest_route=\/wp\/v2\/posts\/29125","targetHints":{"allow":["GET"]}}],"collection":[{"href":"https:\/\/revistazetta.com\/index.php?rest_route=\/wp\/v2\/posts"}],"about":[{"href":"https:\/\/revistazetta.com\/index.php?rest_route=\/wp\/v2\/types\/post"}],"author":[{"embeddable":true,"href":"https:\/\/revistazetta.com\/index.php?rest_route=\/wp\/v2\/users\/3"}],"replies":[{"embeddable":true,"href":"https:\/\/revistazetta.com\/index.php?rest_route=%2Fwp%2Fv2%2Fcomments&post=29125"}],"version-history":[{"count":0,"href":"https:\/\/revistazetta.com\/index.php?rest_route=\/wp\/v2\/posts\/29125\/revisions"}],"wp:featuredmedia":[{"embeddable":true,"href":"https:\/\/revistazetta.com\/index.php?rest_route=\/wp\/v2\/media\/29126"}],"wp:attachment":[{"href":"https:\/\/revistazetta.com\/index.php?rest_route=%2Fwp%2Fv2%2Fmedia&parent=29125"}],"wp:term":[{"taxonomy":"category","embeddable":true,"href":"https:\/\/revistazetta.com\/index.php?rest_route=%2Fwp%2Fv2%2Fcategories&post=29125"},{"taxonomy":"post_tag","embeddable":true,"href":"https:\/\/revistazetta.com\/index.php?rest_route=%2Fwp%2Fv2%2Ftags&post=29125"}],"curies":[{"name":"wp","href":"https:\/\/api.w.org\/{rel}","templated":true}]}}