{"id":29131,"date":"2019-02-25T05:58:46","date_gmt":"2019-02-25T10:58:46","guid":{"rendered":"http:\/\/www.revistazetta.com\/?p=29131"},"modified":"2019-02-25T05:58:46","modified_gmt":"2019-02-25T10:58:46","slug":"cambiemos-la-propuesta-jaime-hernandez-amin-la-alcaldia-cartagena","status":"publish","type":"post","link":"https:\/\/revistazetta.com\/?p=29131","title":{"rendered":"Cambiemos, la propuesta de Jaime Hern\u00e1ndez Am\u00edn para la Alcald\u00eda de Cartagena"},"content":{"rendered":"<p>A nadie le puede gustar lo que se ve en Cartagena cuando uno se asoma a la ventana y el panorama ofrece pobreza, corrupci\u00f3n, violencia y desigualdad. El sentimiento se acrecienta cuando esa cruda realidad compromete el futuro de nuestros hijos. Definitivamente, esto no puede seguir as\u00ed y entre todos debe surgir un grito: \u00a1Cambiemos!<\/p>\n<p>\u201cCambiemos\u201d es precisamente el nombre que tendr\u00e1 el movimiento significativo de ciudadanos que inscribir\u00e1 el nombre de Jaime Hern\u00e1ndez Am\u00edn para lidere ese cambio colectivo, y quien tiene la convicci\u00f3n de llegar con esta bandera hasta las elecciones de octubre.<\/p>\n<p>Hern\u00e1ndez Am\u00edn estima que ha habido un cambio generacional y que la gente exige nuevos esquemas de ejercicio pol\u00edtico, otro tipo de conexi\u00f3n ciudadan\u00eda-sector p\u00fablico.<\/p>\n<p>Un alcalde libre de atadura, con independencia, podr\u00e1 hacerle frente a la situaci\u00f3n, porque si se sigue con el actual modelo pol\u00edtico de elecci\u00f3n, poco o nada se puede hacer.<\/p>\n<p>\u201cEsto se logra con participaci\u00f3n, sin etiquetas ideol\u00f3gicas ni gremiales, con un cambio de actitud y sentido pr\u00e1ctico, tenemos que hacer que la Alcald\u00eda funcione\u201d, afirma con vehemencia.<\/p>\n<p>Un aspecto indispensable es la financiaci\u00f3n de las campa\u00f1as pol\u00edticas, que deben separarse del esquema tradicional de jefes pol\u00edticos y financistas, por lo que su consigna es alejarse del todo de esas pr\u00e1cticas y acudir directamente a la ciudadan\u00eda.<\/p>\n<p>\u201cCambiemos es un movimiento de soluciones, sin estancamientos en dial\u00e9cticas ideol\u00f3gicas, sin demagogia, porque Cartagena necesita una renovaci\u00f3n pol\u00edtica\u201d, se\u00f1ala.<\/p>\n<p>Con la convicci\u00f3n que la maquinaria pol\u00edtica es derrotable, piensa que con juventud, independencia y f\u00f3rmulas alternativas, estar\u00e1 en la disputa por conquistar el Palacio de la Aduana. Jaime Hern\u00e1ndez Am\u00edn \u2013sostiene- pase lo que pase, estar\u00e1 en el tarjet\u00f3n de octubre como candidato a la Alcald\u00eda.<\/p>\n","protected":false},"excerpt":{"rendered":"<p>A nadie le puede gustar lo que se ve en Cartagena cuando uno se asoma a la ventana y el panorama ofrece pobreza, corrupci\u00f3n, violencia y desigualdad. El sentimiento se acrecienta cuando esa cruda realidad compromete el futuro de nuestros hijos. Definitivamente, esto no puede seguir as\u00ed y entre todos debe surgir un grito: \u00a1Cambiemos! \u201cCambiemos\u201d es precisamente el nombre que tendr\u00e1 el movimiento significativo de ciudadanos que inscribir\u00e1 el nombre de Jaime Hern\u00e1ndez Am\u00edn para lidere ese cambio colectivo, y quien tiene la convicci\u00f3n de llegar con esta bandera&#8230; <\/p>\n","protected":false},"author":3,"featured_media":29132,"comment_status":"open","ping_status":"closed","sticky":false,"template":"","format":"standard","meta":{"footnotes":"","_links_to":"","_links_to_target":""},"categories":[75,4],"tags":[],"class_list":["post-29131","post","type-post","status-publish","format-standard","has-post-thumbnail","hentry","category-destacada","category-politica"],"_links":{"self":[{"href":"https:\/\/revistazetta.com\/index.php?rest_route=\/wp\/v2\/posts\/29131","targetHints":{"allow":["GET"]}}],"collection":[{"href":"https:\/\/revistazetta.com\/index.php?rest_route=\/wp\/v2\/posts"}],"about":[{"href":"https:\/\/revistazetta.com\/index.php?rest_route=\/wp\/v2\/types\/post"}],"author":[{"embeddable":true,"href":"https:\/\/revistazetta.com\/index.php?rest_route=\/wp\/v2\/users\/3"}],"replies":[{"embeddable":true,"href":"https:\/\/revistazetta.com\/index.php?rest_route=%2Fwp%2Fv2%2Fcomments&post=29131"}],"version-history":[{"count":0,"href":"https:\/\/revistazetta.com\/index.php?rest_route=\/wp\/v2\/posts\/29131\/revisions"}],"wp:featuredmedia":[{"embeddable":true,"href":"https:\/\/revistazetta.com\/index.php?rest_route=\/wp\/v2\/media\/29132"}],"wp:attachment":[{"href":"https:\/\/revistazetta.com\/index.php?rest_route=%2Fwp%2Fv2%2Fmedia&parent=29131"}],"wp:term":[{"taxonomy":"category","embeddable":true,"href":"https:\/\/revistazetta.com\/index.php?rest_route=%2Fwp%2Fv2%2Fcategories&post=29131"},{"taxonomy":"post_tag","embeddable":true,"href":"https:\/\/revistazetta.com\/index.php?rest_route=%2Fwp%2Fv2%2Ftags&post=29131"}],"curies":[{"name":"wp","href":"https:\/\/api.w.org\/{rel}","templated":true}]}}