{"id":29133,"date":"2019-02-25T06:01:28","date_gmt":"2019-02-25T11:01:28","guid":{"rendered":"http:\/\/www.revistazetta.com\/?p=29133"},"modified":"2019-02-25T06:01:28","modified_gmt":"2019-02-25T11:01:28","slug":"proposito-la-empanada-mas-cara-del-mundo-opinion-sergio-alfonso-londono-zurek","status":"publish","type":"post","link":"https:\/\/revistazetta.com\/?p=29133","title":{"rendered":"A prop\u00f3sito de la empanada m\u00e1s cara del mundo \u2013 Opini\u00f3n de Sergio Alfonso Londo\u00f1o Zurek"},"content":{"rendered":"<p><span style=\"color: #000080;\"><strong>Por Sergio Alfonso Londo\u00f1o Zurek (Especial para Revista Zetta).- <\/strong><\/span>La fecha era octubre de 2017. Esa noche sal\u00eda de despacho del Palacio de la Aduana cuando una mujer, llorando desconsolada se me acerca a pedir ayuda. Su negocio acababa de ser removido por la Polic\u00eda y la Gerencia de Espacio P\u00fablico. Ella no pose\u00eda confianza leg\u00edtima, sin embargo, se estaba ganando la vida sin hacerle da\u00f1o a nadie. Esos son el tipo de situaciones a los que uno como Alcalde se enfrenta. La vida es injusta, la inequidad es rampante y el deber es proteger el bien com\u00fan. Entonces \u00bfqu\u00e9 hacer?<\/p>\n<p>Dec\u00edan los padres fundadores de Estados Unidos que la primera regla de una pol\u00edtica p\u00fablica es que sea coherente con la realidad a la que se va a aplicar. En una ciudad como Cartagena, el empleo formal todav\u00eda es una fantas\u00eda para una parte importante de la poblaci\u00f3n. A\u00fan con los n\u00fameros bajos en materia de desempleo (comparados con el resto del pa\u00eds) seguimos teniendo altos niveles de informalidad. A eso se le suma el turismo, industria propensa a fomentar y ser blanco de las ventas ambulantes por la inmediatez de la necesidad del comprador.<\/p>\n<p>Teniendo en mente tanto la necesidad de mejorar el ecosistema laboral de la ciudad como de entender las dificultades de aquella vendedora ambulante sin confianza leg\u00edtima dise\u00f1amos dos pol\u00edticas p\u00fablicas complementarias. En primer lugar, con el Gerente de Espacio P\u00fablico (Iv\u00e1n Castro, hoy Secretario de Planeaci\u00f3n) elaboramos una aplicaci\u00f3n virtual que facilitase el acceso de autoridades, ciudadanos y los propios vendedores al Registro \u00danico de Vendedores. Esa aplicaci\u00f3n otorga un c\u00f3digo QR capaz de ser le\u00eddo por cualquier celular inteligente. El ejercicio nos permiti\u00f3 no s\u00f3lo sanear la base de datos de la Alcald\u00eda sino que adem\u00e1s ayud\u00f3 a la Polic\u00eda a mejorar su labor y a disminuir los casos de abuso de autoridad. Con la Corporaci\u00f3n de Turismo trazamos una campa\u00f1a para informar al turista sobre el aplicativo y fomentar la compra a vendedores regulados. Como segunda medida, en conjunto con los gremios de la ciudad e Invest In Cartagena, formulamos una pol\u00edtica p\u00fablica de incentivos tributarios que llevamos al Concejo de Cartagena. Dicha pol\u00edtica buscaba la generaci\u00f3n de empleo formal mediante descuentos atractivos pero con relativo bajo costo para las finanzas distritales y orientado a empresas que decidieran asentarse en Cartagena por primera vez.<\/p>\n<p>Ambas medidas, complementarias en su concepci\u00f3n e implementaci\u00f3n, deb\u00edan llevar a que en un futuro cercano, historias como las que me cont\u00f3 dicha se\u00f1ora, no se repitiesen en Cartagena. Est\u00e1 bien que queramos espacios p\u00fablicos ordenados y limpios, pero eso no necesariamente va con calles y plazas libres de vendedores ambulantes. Se puede so\u00f1ar con una ciudad ordenada cuyos vendedores ambulantes tengan circuitos dedicados, retribuyan con servicios a la ciudad, limiten ser estacionarios y que su interacci\u00f3n con el turista conlleve resultados positivos para la totalidad de la poblaci\u00f3n. Para ello es necesario que en Cartagena expandamos adem\u00e1s la oferta de atractivos tur\u00edsticos y le quitemos presi\u00f3n al Centro Hist\u00f3rico. El turismo debe llegar al cerro de la Popa y a la v\u00eda Perimetral y esos espacios deben servir como nuevos focos para seguir en el proceso de consolidaci\u00f3n de una econom\u00eda formal. Los incentivos perversos del mercado solo se vencen con pol\u00edticas p\u00fablicas regulatorias por parte del Estado, casi nunca con actitudes prohibicionistas.<\/p>\n<p>En Cartagena empezamos a demostrar que es posible reconciliar las ganas de un raspao en la calle con un empleo en Mamonal. O es que \u00bfse imaginan a Cartagena sin palenqueras y sin alegr\u00edas?<\/p>\n","protected":false},"excerpt":{"rendered":"<p>Por Sergio Alfonso Londo\u00f1o Zurek (Especial para Revista Zetta).- La fecha era octubre de 2017. Esa noche sal\u00eda de despacho del Palacio de la Aduana cuando una mujer, llorando desconsolada se me acerca a pedir ayuda. Su negocio acababa de ser removido por la Polic\u00eda y la Gerencia de Espacio P\u00fablico. Ella no pose\u00eda confianza leg\u00edtima, sin embargo, se estaba ganando la vida sin hacerle da\u00f1o a nadie. Esos son el tipo de situaciones a los que uno como Alcalde se enfrenta. La vida es injusta, la inequidad es rampante&#8230; <\/p>\n","protected":false},"author":3,"featured_media":29134,"comment_status":"open","ping_status":"closed","sticky":false,"template":"","format":"standard","meta":{"footnotes":"","_links_to":"","_links_to_target":""},"categories":[75,44,65],"tags":[],"class_list":["post-29133","post","type-post","status-publish","format-standard","has-post-thumbnail","hentry","category-destacada","category-materiagris","category-opinion"],"_links":{"self":[{"href":"https:\/\/revistazetta.com\/index.php?rest_route=\/wp\/v2\/posts\/29133","targetHints":{"allow":["GET"]}}],"collection":[{"href":"https:\/\/revistazetta.com\/index.php?rest_route=\/wp\/v2\/posts"}],"about":[{"href":"https:\/\/revistazetta.com\/index.php?rest_route=\/wp\/v2\/types\/post"}],"author":[{"embeddable":true,"href":"https:\/\/revistazetta.com\/index.php?rest_route=\/wp\/v2\/users\/3"}],"replies":[{"embeddable":true,"href":"https:\/\/revistazetta.com\/index.php?rest_route=%2Fwp%2Fv2%2Fcomments&post=29133"}],"version-history":[{"count":0,"href":"https:\/\/revistazetta.com\/index.php?rest_route=\/wp\/v2\/posts\/29133\/revisions"}],"wp:featuredmedia":[{"embeddable":true,"href":"https:\/\/revistazetta.com\/index.php?rest_route=\/wp\/v2\/media\/29134"}],"wp:attachment":[{"href":"https:\/\/revistazetta.com\/index.php?rest_route=%2Fwp%2Fv2%2Fmedia&parent=29133"}],"wp:term":[{"taxonomy":"category","embeddable":true,"href":"https:\/\/revistazetta.com\/index.php?rest_route=%2Fwp%2Fv2%2Fcategories&post=29133"},{"taxonomy":"post_tag","embeddable":true,"href":"https:\/\/revistazetta.com\/index.php?rest_route=%2Fwp%2Fv2%2Ftags&post=29133"}],"curies":[{"name":"wp","href":"https:\/\/api.w.org\/{rel}","templated":true}]}}