{"id":29135,"date":"2019-02-25T06:04:24","date_gmt":"2019-02-25T11:04:24","guid":{"rendered":"http:\/\/www.revistazetta.com\/?p=29135"},"modified":"2019-02-25T06:04:24","modified_gmt":"2019-02-25T11:04:24","slug":"orbita-politica-john-zamora-lunes-25-febrero-2019","status":"publish","type":"post","link":"https:\/\/revistazetta.com\/?p=29135","title":{"rendered":"\u00d3rbita Pol\u00edtica de John Zamora \u2013 lunes 25 de febrero 2019"},"content":{"rendered":"<p><strong>Nuevo hincha<\/strong><\/p>\n<p>El Real Cartagena derrot\u00f3 2-1 a Deportes Quind\u00edo y se situ\u00f3 en la parte alta de la tabla en el torneo de Ascenso. Como siempre, el estadio Jaime Mor\u00f3n registr\u00f3 la presencia del gobernador Dumek Turbay, el hincha n\u00famero 1 del equipo heroico, quien no desperdicia oportunidad para reclutar nuevos hinchas. En esta ocasi\u00f3n, le puso la camiseta al contralmirante Francisco Cubides, director de la Escuela Naval de Cadetes Almirante Padilla.<\/p>\n<p>&nbsp;<\/p>\n<p><strong>Volvi\u00f3 Vicentico<\/strong><\/p>\n<p>Al retirarse de Concejo de Cartagena, Vicentico Blel dijo que iba a dedicarse a estudiar y prepararse, y as\u00ed fue. Hace poco regres\u00f3 de EEUU, donde adelant\u00f3 estudios, y ya lo vemos en distintos escenarios, como ocurri\u00f3 en el partido del Real Cartagena; all\u00ed se le vio acompa\u00f1ado del representante Yamilito Arana.<\/p>\n<p>Blel Scaff es considerado uno de los \u201cduros\u201d que hace falta en el partidor de las candidaturas a Gobernaci\u00f3n de Bol\u00edvar.<\/p>\n<p>&nbsp;<\/p>\n<p><strong>Presencia deportiva<\/strong><\/p>\n<p>A prop\u00f3sito de candidaturas a Gobernaci\u00f3n, cada partido del Real Cartagena es un buen term\u00f3metro para quienes tienen aspiraciones, y por eso Fejed Al\u00ed Badr\u00e1n no se pierde ning\u00fan encuentro. El \u201cMono\u201d sabe que tiene que posicionar en alto su nombre para ganarse la nominaci\u00f3n del partido Liberal.<\/p>\n","protected":false},"excerpt":{"rendered":"<p>Nuevo hincha El Real Cartagena derrot\u00f3 2-1 a Deportes Quind\u00edo y se situ\u00f3 en la parte alta de la tabla en el torneo de Ascenso. Como siempre, el estadio Jaime Mor\u00f3n registr\u00f3 la presencia del gobernador Dumek Turbay, el hincha n\u00famero 1 del equipo heroico, quien no desperdicia oportunidad para reclutar nuevos hinchas. En esta ocasi\u00f3n, le puso la camiseta al contralmirante Francisco Cubides, director de la Escuela Naval de Cadetes Almirante Padilla. &nbsp; Volvi\u00f3 Vicentico Al retirarse de Concejo de Cartagena, Vicentico Blel dijo que iba a dedicarse a&#8230; <\/p>\n","protected":false},"author":3,"featured_media":29136,"comment_status":"open","ping_status":"closed","sticky":false,"template":"","format":"standard","meta":{"footnotes":"","_links_to":"","_links_to_target":""},"categories":[75,44,45],"tags":[],"class_list":["post-29135","post","type-post","status-publish","format-standard","has-post-thumbnail","hentry","category-destacada","category-materiagris","category-orbita"],"_links":{"self":[{"href":"https:\/\/revistazetta.com\/index.php?rest_route=\/wp\/v2\/posts\/29135","targetHints":{"allow":["GET"]}}],"collection":[{"href":"https:\/\/revistazetta.com\/index.php?rest_route=\/wp\/v2\/posts"}],"about":[{"href":"https:\/\/revistazetta.com\/index.php?rest_route=\/wp\/v2\/types\/post"}],"author":[{"embeddable":true,"href":"https:\/\/revistazetta.com\/index.php?rest_route=\/wp\/v2\/users\/3"}],"replies":[{"embeddable":true,"href":"https:\/\/revistazetta.com\/index.php?rest_route=%2Fwp%2Fv2%2Fcomments&post=29135"}],"version-history":[{"count":0,"href":"https:\/\/revistazetta.com\/index.php?rest_route=\/wp\/v2\/posts\/29135\/revisions"}],"wp:featuredmedia":[{"embeddable":true,"href":"https:\/\/revistazetta.com\/index.php?rest_route=\/wp\/v2\/media\/29136"}],"wp:attachment":[{"href":"https:\/\/revistazetta.com\/index.php?rest_route=%2Fwp%2Fv2%2Fmedia&parent=29135"}],"wp:term":[{"taxonomy":"category","embeddable":true,"href":"https:\/\/revistazetta.com\/index.php?rest_route=%2Fwp%2Fv2%2Fcategories&post=29135"},{"taxonomy":"post_tag","embeddable":true,"href":"https:\/\/revistazetta.com\/index.php?rest_route=%2Fwp%2Fv2%2Ftags&post=29135"}],"curies":[{"name":"wp","href":"https:\/\/api.w.org\/{rel}","templated":true}]}}