{"id":29140,"date":"2019-02-26T06:33:15","date_gmt":"2019-02-26T11:33:15","guid":{"rendered":"http:\/\/www.revistazetta.com\/?p=29140"},"modified":"2019-02-26T06:33:15","modified_gmt":"2019-02-26T11:33:15","slug":"viana-recogera-firmas-alcaldia-dice-formo-parte-cartel-politico","status":"publish","type":"post","link":"https:\/\/revistazetta.com\/?p=29140","title":{"rendered":"Viana recoger\u00e1 firmas para Alcald\u00eda. Dice que form\u00f3 parte de un \u201ccartel\u201d pol\u00edtico"},"content":{"rendered":"<p>El exconcejal y exrepresentante a la C\u00e1mara, Germ\u00e1n Viana Guerrero, inscribi\u00f3 ante la Registradur\u00eda Grupo Significativo de Ciudadanos \u201c\u00a1Basta ya! \u00a1Actuemos!\u201d, y se despach\u00f3 contra sus antiguos socios pol\u00edticos a los que calific\u00f3 que \u201ccartel\u201d electoral.<\/p>\n<p>En una comunicaci\u00f3n indic\u00f3 \u201cConozco al monstruo\u201d y reconoci\u00f3 que los cargos de elecci\u00f3n popular a los que lleg\u00f3 fue \u201ccomo miembro de unos de los sectores que conforman el Cartel que pretendo que derrotemos\u201d.<\/p>\n<p>Para las pasadas elecciones at\u00edpicas que terminaron con la elecci\u00f3n de Antonio Quinto Guerra, Viana Guerrero pretendi\u00f3 obtener la postulaci\u00f3n de un grupo de dirigentes que se autoproclaman \u201calternativos\u201d, y a ese mismo sector les envi\u00f3 la comunicaci\u00f3n donde les notifica su aspiraci\u00f3n.<\/p>\n<p>Es el segundo grupo que se inscribe formalmente para buscar firmas, pues el primero fue Compromiso Ciudadano por Cartagena, que impulsa la candidatura de Claudia Fadul.<\/p>\n<p>El grupo al que se refiere Viana Guerrero como \u201ccartel\u201d es el sector del exalcalde Gabriel Antonio Garc\u00eda Romero, con tuvo una estrecha relaci\u00f3n pol\u00edtica.<\/p>\n<p>Este es el texto de la comunicaci\u00f3n:<\/p>\n<p><em><span style=\"color: #000080;\">Cartagena, 23 de febrero de 2019<\/span><\/em><\/p>\n<p><em><span style=\"color: #000080;\">SE\u00d1ORES<\/span><\/em><\/p>\n<p><em><span style=\"color: #000080;\">ASPIRANTES ALTERNATIVOS A LA ALCALD\u00cdA DE CARTAGENA<\/span><\/em><\/p>\n<p><em><span style=\"color: #000080;\">DIRECTORES DE PARTIDOS Y MOVIMIENTOS ALTERNATIVOS DE<\/span><\/em><\/p>\n<p><em><span style=\"color: #000080;\">CARTAGENA\u00a0<\/span><\/em><\/p>\n<p><em><span style=\"color: #000080;\">DIRIGENTES Y FACILITADORES ALTERNATIVOS DE CARTAGENA<\/span><\/em><\/p>\n<p><em><span style=\"color: #000080;\">MILITANTES DE PARTIDOS Y MOVIMIENTOS ALTERNATIVOS DE<\/span><\/em><\/p>\n<p><em><span style=\"color: #000080;\">CARTAGENA<\/span><\/em><\/p>\n<p><em><span style=\"color: #000080;\">CIUDAD.<\/span><\/em><\/p>\n<p>&nbsp;<\/p>\n<p><em><span style=\"color: #000080;\">Respetados (as) se\u00f1ores (as).<\/span><\/em><\/p>\n<p><em><span style=\"color: #000080;\">En la tarde del d\u00eda de hoy en la Registradur\u00eda Distrital de Cartagena, se procedi\u00f3 a la inscripci\u00f3n del Grupo Significativo de Ciudadanos\u00a0 \u00a1BASTA YA! \u00a1ACTUEMOS!, que tiene como objetivo recibir la autorizaci\u00f3n de los organismos electorales nacionales y locales para recoger las firmas exigidas por la ley para inscribir a\u00a0 GERMAN VIANA GUERRERO como candidato a la Alcald\u00eda de Cartagena para las pr\u00f3ximas elecciones territoriales.<\/span><\/em><\/p>\n<p><em><span style=\"color: #000080;\">El prop\u00f3sito de convertirme en candidato a la Alcald\u00eda, no es otro que el de liderar un modelo de gobierno totalmente diferente al que ha dirigido a esta ciudad, que la libere del cartel de la pol\u00edtica\u00a0 cuyos miembros ejercen el poder real en el territorio, compran las elecciones, eligen Alcalde y luego se reparten el Presupuesto Distrital en detrimento de los habitantes de Cartagena , en especial de los sectores m\u00e1s d\u00e9biles de la sociedad, que est\u00e1 conformado por un alt\u00edsimo porcentaje de la poblaci\u00f3n y\u00a0que viven en la m\u00e1s infamante miseria; hacinados en los cordones tugur\u00edales que abrazan a la ciudad.<\/span><\/em><\/p>\n<p><em><span style=\"color: #000080;\">Conozco al monstruo. Fui inicialmente Concejal de Cartagena y posteriormente Representante a la C\u00e1mara como miembro de unos de los sectores que conforman el Cartel que pretendo que derrotemos. En el a\u00f1o 2005 cuando decidieron apoyar por tercera vez a Nicol\u00e1s Cur\u00ed para Alcalde de Cartagena, entend\u00ed que este esquema no beneficiaba en nada a la ciudad. Estando ejerciendo como\u00a0Representante a la C\u00e1mara, tom\u00e9 la decisi\u00f3n de Votar en Blanco en contra de voluntad pol\u00edtica de los concejales, diputados y senadores que hac\u00edan parte del equipo de trabajo del grupo pol\u00edtico con el cual me eleg\u00ed y del que me alej\u00e9 por completo desde entonces.<\/span><\/em><\/p>\n<p><em><span style=\"color: #000080;\">Finalmente, en el a\u00f1o 2006, los paramilitares y parapol\u00edticos, incluidos algunos personajes que han dirigido y siguen mandando en la pol\u00edtica de Bol\u00edvar y Cartagena, directamente a trav\u00e9s de sus hijos\u00a0 o de otras \u201cgobernantes\u201d, impidieron mi reelecci\u00f3n a la C\u00e1mara de Representantes y me declararon objetivo militar.<\/span><\/em><\/p>\n<p><em><span style=\"color: #000080;\">Las elecciones locales posteriores, me\u00a0 dieron la raz\u00f3n, pues\u00a0 al primer cargo p\u00fablico de la Cartagena llegaron personas que no han permitido a la ciudad avanzar y, por el contrario, los problemas se han agudizado, adicionalmente que, como consecuencia de esos malos manejos, se ha vuelto constante en nuestra tierra la renuncia, la interinidad, los esc\u00e1ndalos y el enriquecimiento e incluso las condenas judiciales de dichos\u00a0 gobernantes se han convertido en una lamentable constante\u00a0trayendo consigo el desprestigio de Cartagena tanto a nivel nacional como regional y local.<\/span><\/em><\/p>\n<p><em><span style=\"color: #000080;\">Hace 13 a\u00f1os no aspiro a ning\u00fan cargo p\u00fablico de elecci\u00f3n popular y s\u00f3lo me anima encontrarme con los cartageneros que entiendan que ,por encima de partidos, de las distintas concepciones pol\u00edticas\u00a0 y las diferencias ideol\u00f3gicas, es necesario unirnos para que entre todos los que hemos escogido este lugar de Colombia como residencia de nuestras familias, amigos y sociedad, instaurar un modelo de gobierno que ponga fin al manejo corrupto y el ilegal tr\u00e1fico de influencias de esta minor\u00eda que aprovechando, la miseria de la mayor\u00eda de cartageneros, la inacci\u00f3n y \/o las diferencias de las mayor\u00edas, se apoderan del poder para su beneficio y el de algunos grupos par\u00e1sitos que todos conocemos.<\/span><\/em><\/p>\n<p><em><span style=\"color: #000080;\">Propongo a todas las fuerzas alternativas que han manifestado inter\u00e9s en participar en las pr\u00f3ximas elecciones con un candidato a la Alcald\u00eda de Cartagena, encontrar un mecanismo objetivo ll\u00e1mese consulta Interpartidista o encuesta , que en un t\u00e9rmino razonable, pueda permitirnos escoger a alguien que nos represente en la pr\u00f3xima contienda electoral y que adem\u00e1s sea capaz de liderar un proceso de renovaci\u00f3n en la ciudad en beneficio de todos, en especial de los m\u00e1s necesitados\u00a0 e igualmente, le permita a\u00a0 los cartageneros del com\u00fan , contar con una ciudad moderna, sostenible, equitativa e incluyente, donde el ser humano sea el eje de inter\u00e9s del gobierno y no los intereses mezquinos y avariciosos\u00a0 de unos pocos.<\/span><\/em><\/p>\n<p><em><span style=\"color: #000080;\">Si es necesario analizar a cada uno de los candidatos, propongo que hagamos un examen a fondo de que ha realizado cada uno de nosotros\u00a0 por la ciudad y lo que ha sido su accionar en la pol\u00edtica.<\/span><\/em><\/p>\n<p><em><span style=\"color: #000080;\">Quedo atento.<\/span><\/em><\/p>\n<p><em><span style=\"color: #000080;\">ORIGINAL FIRMADO<\/span><\/em><\/p>\n<p><em><span style=\"color: #000080;\">GERMAN VIANA GUERRERO<\/span><\/em><\/p>\n<p><em><span style=\"color: #000080;\">\u00a1BASTA YA! \u00a1ACTUEMOS!<\/span><\/em><\/p>\n","protected":false},"excerpt":{"rendered":"<p>El exconcejal y exrepresentante a la C\u00e1mara, Germ\u00e1n Viana Guerrero, inscribi\u00f3 ante la Registradur\u00eda Grupo Significativo de Ciudadanos \u201c\u00a1Basta ya! \u00a1Actuemos!\u201d, y se despach\u00f3 contra sus antiguos socios pol\u00edticos a los que calific\u00f3 que \u201ccartel\u201d electoral. En una comunicaci\u00f3n indic\u00f3 \u201cConozco al monstruo\u201d y reconoci\u00f3 que los cargos de elecci\u00f3n popular a los que lleg\u00f3 fue \u201ccomo miembro de unos de los sectores que conforman el Cartel que pretendo que derrotemos\u201d. Para las pasadas elecciones at\u00edpicas que terminaron con la elecci\u00f3n de Antonio Quinto Guerra, Viana Guerrero pretendi\u00f3 obtener la&#8230; <\/p>\n","protected":false},"author":3,"featured_media":29141,"comment_status":"open","ping_status":"closed","sticky":false,"template":"","format":"standard","meta":{"footnotes":"","_links_to":"","_links_to_target":""},"categories":[75,4],"tags":[],"class_list":["post-29140","post","type-post","status-publish","format-standard","has-post-thumbnail","hentry","category-destacada","category-politica"],"_links":{"self":[{"href":"https:\/\/revistazetta.com\/index.php?rest_route=\/wp\/v2\/posts\/29140","targetHints":{"allow":["GET"]}}],"collection":[{"href":"https:\/\/revistazetta.com\/index.php?rest_route=\/wp\/v2\/posts"}],"about":[{"href":"https:\/\/revistazetta.com\/index.php?rest_route=\/wp\/v2\/types\/post"}],"author":[{"embeddable":true,"href":"https:\/\/revistazetta.com\/index.php?rest_route=\/wp\/v2\/users\/3"}],"replies":[{"embeddable":true,"href":"https:\/\/revistazetta.com\/index.php?rest_route=%2Fwp%2Fv2%2Fcomments&post=29140"}],"version-history":[{"count":0,"href":"https:\/\/revistazetta.com\/index.php?rest_route=\/wp\/v2\/posts\/29140\/revisions"}],"wp:featuredmedia":[{"embeddable":true,"href":"https:\/\/revistazetta.com\/index.php?rest_route=\/wp\/v2\/media\/29141"}],"wp:attachment":[{"href":"https:\/\/revistazetta.com\/index.php?rest_route=%2Fwp%2Fv2%2Fmedia&parent=29140"}],"wp:term":[{"taxonomy":"category","embeddable":true,"href":"https:\/\/revistazetta.com\/index.php?rest_route=%2Fwp%2Fv2%2Fcategories&post=29140"},{"taxonomy":"post_tag","embeddable":true,"href":"https:\/\/revistazetta.com\/index.php?rest_route=%2Fwp%2Fv2%2Ftags&post=29140"}],"curies":[{"name":"wp","href":"https:\/\/api.w.org\/{rel}","templated":true}]}}