{"id":29142,"date":"2019-02-26T07:03:31","date_gmt":"2019-02-26T12:03:31","guid":{"rendered":"http:\/\/www.revistazetta.com\/?p=29142"},"modified":"2019-02-26T08:54:16","modified_gmt":"2019-02-26T13:54:16","slug":"orbita-politica-john-zamora-martes-26-febrero-2019","status":"publish","type":"post","link":"https:\/\/revistazetta.com\/?p=29142","title":{"rendered":"\u00d3rbita Pol\u00edtica de John Zamora &#8211; martes 26 de febrero 2019"},"content":{"rendered":"<p><strong>Alerta en centros comerciales<\/strong><\/p>\n<p>El anuncio de varios personajes para recolectar firmas y aspirar a la Alcald\u00eda prendi\u00f3 las alarmas entre los principales centros comerciales de Cartagena, pues son tomados como \u201ccomandos pol\u00edticos\u201d donde citan a sus l\u00edderes y desarrollan reuniones, ocupando cafeter\u00edas y pidiendo tinto y botella de agua para compartirlos entre 15 personas. \u00a1Mandan concha!<\/p>\n<p>Los m\u00e1s afectados son Mall Plaza y Caribe Plaza, am\u00e9n de algunos otros puntos aleda\u00f1os a estaciones de gasolina en Manga, Bocagrande y Marbella.<\/p>\n<p>\u00a1No sean cuj\u00eds! \u00a1Arrienden oficinas y dejen de cachetear aire acondicionado!<\/p>\n<p>&nbsp;<\/p>\n<p><strong>Refrito jur\u00eddico<\/strong><\/p>\n<p>La nueva normatividad sobre segunda instancia para aforados hizo que muchos procesos que por a\u00f1os estuvieron dormidos, ahora reciban ox\u00edgeno. Por rigor procesal, varias pruebas y testimonios que ya obraban, est\u00e1n de nuevo recaud\u00e1ndose. Ejemplo es el viejo caso del duelo Germ\u00e1n Ordosgoitia-Hernando Padau\u00ed, que ya tiene 10 a\u00f1os, y que volvi\u00f3 a la arena jur\u00eddica, pero es el mismo.<\/p>\n<p>&nbsp;<\/p>\n<p><strong>Planillas en mano<\/strong><\/p>\n<p>El movimiento Compromiso Ciudadano con Cartagena ya podr\u00e1 esta semana comenzar a recolectar firmas para inscribir como candidata a la Alcald\u00eda a la abogada Claudia Fadul Rosa. Este martes est\u00e1 previsto que les entreguen las planillas y as\u00ed poder salir a las calles a solicitar el respaldo ciudadano.<\/p>\n","protected":false},"excerpt":{"rendered":"<p>Alerta en centros comerciales El anuncio de varios personajes para recolectar firmas y aspirar a la Alcald\u00eda prendi\u00f3 las alarmas entre los principales centros comerciales de Cartagena, pues son tomados como \u201ccomandos pol\u00edticos\u201d donde citan a sus l\u00edderes y desarrollan reuniones, ocupando cafeter\u00edas y pidiendo tinto y botella de agua para compartirlos entre 15 personas. \u00a1Mandan concha! Los m\u00e1s afectados son Mall Plaza y Caribe Plaza, am\u00e9n de algunos otros puntos aleda\u00f1os a estaciones de gasolina en Manga, Bocagrande y Marbella. \u00a1No sean cuj\u00eds! \u00a1Arrienden oficinas y dejen de cachetear&#8230; <\/p>\n","protected":false},"author":3,"featured_media":29143,"comment_status":"open","ping_status":"closed","sticky":false,"template":"","format":"standard","meta":{"footnotes":"","_links_to":"","_links_to_target":""},"categories":[75,44,45],"tags":[],"class_list":["post-29142","post","type-post","status-publish","format-standard","has-post-thumbnail","hentry","category-destacada","category-materiagris","category-orbita"],"_links":{"self":[{"href":"https:\/\/revistazetta.com\/index.php?rest_route=\/wp\/v2\/posts\/29142","targetHints":{"allow":["GET"]}}],"collection":[{"href":"https:\/\/revistazetta.com\/index.php?rest_route=\/wp\/v2\/posts"}],"about":[{"href":"https:\/\/revistazetta.com\/index.php?rest_route=\/wp\/v2\/types\/post"}],"author":[{"embeddable":true,"href":"https:\/\/revistazetta.com\/index.php?rest_route=\/wp\/v2\/users\/3"}],"replies":[{"embeddable":true,"href":"https:\/\/revistazetta.com\/index.php?rest_route=%2Fwp%2Fv2%2Fcomments&post=29142"}],"version-history":[{"count":0,"href":"https:\/\/revistazetta.com\/index.php?rest_route=\/wp\/v2\/posts\/29142\/revisions"}],"wp:featuredmedia":[{"embeddable":true,"href":"https:\/\/revistazetta.com\/index.php?rest_route=\/wp\/v2\/media\/29143"}],"wp:attachment":[{"href":"https:\/\/revistazetta.com\/index.php?rest_route=%2Fwp%2Fv2%2Fmedia&parent=29142"}],"wp:term":[{"taxonomy":"category","embeddable":true,"href":"https:\/\/revistazetta.com\/index.php?rest_route=%2Fwp%2Fv2%2Fcategories&post=29142"},{"taxonomy":"post_tag","embeddable":true,"href":"https:\/\/revistazetta.com\/index.php?rest_route=%2Fwp%2Fv2%2Ftags&post=29142"}],"curies":[{"name":"wp","href":"https:\/\/api.w.org\/{rel}","templated":true}]}}