{"id":29145,"date":"2019-02-27T22:03:40","date_gmt":"2019-02-28T03:03:40","guid":{"rendered":"http:\/\/www.revistazetta.com\/?p=29145"},"modified":"2019-02-27T22:05:39","modified_gmt":"2019-02-28T03:05:39","slug":"dialogo-la-mojana-pide-dumek-turbay-audiencia-hidroituango","status":"publish","type":"post","link":"https:\/\/revistazetta.com\/?p=29145","title":{"rendered":"Di\u00e1logo con La Mojana pide Dumek Turbay en audiencia sobre Hidroituango"},"content":{"rendered":"<blockquote><p><strong>Gobernador Turbay solicita dialogo directo [comunidades \u2013 constructores] y hace presencia en Audiencia de Vigilancia de Hidroituango <\/strong><\/p><\/blockquote>\n<p><strong><em><img loading=\"lazy\" decoding=\"async\" class=\"alignright size-medium wp-image-29147\" src=\"https:\/\/www.revistazetta.com\/wp-content\/uploads\/2019\/02\/Audienca-P\u00fablica-Hidroituango-7.-300x200.jpg\" alt=\"\" width=\"300\" height=\"200\" srcset=\"https:\/\/revistazetta.com\/wp-content\/uploads\/2019\/02\/Audienca-P\u00fablica-Hidroituango-7.-300x200.jpg 300w, https:\/\/revistazetta.com\/wp-content\/uploads\/2019\/02\/Audienca-P\u00fablica-Hidroituango-7.-1024x683.jpg 1024w, https:\/\/revistazetta.com\/wp-content\/uploads\/2019\/02\/Audienca-P\u00fablica-Hidroituango-7.-219x146.jpg 219w, https:\/\/revistazetta.com\/wp-content\/uploads\/2019\/02\/Audienca-P\u00fablica-Hidroituango-7.-50x33.jpg 50w, https:\/\/revistazetta.com\/wp-content\/uploads\/2019\/02\/Audienca-P\u00fablica-Hidroituango-7.-113x75.jpg 113w, https:\/\/revistazetta.com\/wp-content\/uploads\/2019\/02\/Audienca-P\u00fablica-Hidroituango-7..jpg 1200w\" sizes=\"auto, (max-width: 300px) 100vw, 300px\" \/>La convocatoria efectuada por parte de la Procuradur\u00eda General de la Naci\u00f3n efectuada en el Paraninfo de la Universidad de Antioquia cont\u00f3 con la participaci\u00f3n de expertos en el tema, acad\u00e9micos y representantes de las comunidades afectadas. En lo que respecta a Bol\u00edvar, acompa\u00f1aron al primer mandatario seccional, una comisi\u00f3n de diputados de la Asamblea Departamental de Bol\u00edvar y los alcaldes de San Jacinto del Cauca, Ach\u00ed, Montecristo y Magangu\u00e9.<\/em><\/strong><\/p>\n<p><strong><em>El procurador General de la Naci\u00f3n, Fernando Carrillo Fl\u00f3rez, manifest\u00f3 en su discurso de instalaci\u00f3n de la audiencia que el objeto es generar un dialogo constructivo e integrador.<\/em><\/strong><\/p>\n<p><strong><em>Medell\u00edn, mi\u00e9rcoles 27 de febrero de 2019. <\/em><\/strong>\u00a0Con miras a generar inter\u00e9s completo para la sociedad teniendo en cuenta lo que se viene con el proyecto de Hidroituango para as\u00ed resarcir a las poblaciones afectadas aguas abajo del r\u00edo Cauca, la Procuradur\u00eda General de la Naci\u00f3n realiz\u00f3 una Audiencia P\u00fablica de Vigilancia la cual cont\u00f3 con la participaci\u00f3n del gobernador de Bol\u00edvar, Dumek Turbay Paz y alcaldes de la Mojana Bolivarense.<\/p>\n<p><img loading=\"lazy\" decoding=\"async\" class=\"alignright size-medium wp-image-29148\" src=\"https:\/\/www.revistazetta.com\/wp-content\/uploads\/2019\/02\/Audiencia-P\u00fablica-Hidroituango-1.-300x200.jpg\" alt=\"\" width=\"300\" height=\"200\" srcset=\"https:\/\/revistazetta.com\/wp-content\/uploads\/2019\/02\/Audiencia-P\u00fablica-Hidroituango-1.-300x200.jpg 300w, https:\/\/revistazetta.com\/wp-content\/uploads\/2019\/02\/Audiencia-P\u00fablica-Hidroituango-1.-1024x683.jpg 1024w, https:\/\/revistazetta.com\/wp-content\/uploads\/2019\/02\/Audiencia-P\u00fablica-Hidroituango-1.-219x146.jpg 219w, https:\/\/revistazetta.com\/wp-content\/uploads\/2019\/02\/Audiencia-P\u00fablica-Hidroituango-1.-50x33.jpg 50w, https:\/\/revistazetta.com\/wp-content\/uploads\/2019\/02\/Audiencia-P\u00fablica-Hidroituango-1.-113x75.jpg 113w, https:\/\/revistazetta.com\/wp-content\/uploads\/2019\/02\/Audiencia-P\u00fablica-Hidroituango-1..jpg 1200w\" sizes=\"auto, (max-width: 300px) 100vw, 300px\" \/>Para contextualizar la informaci\u00f3n, el gobernador Turbay, afirm\u00f3 en d\u00edas pasados en una cumbre de gobernadores llevada a cabo en Magangu\u00e9 en la que su hom\u00f3logo de Antioquia, Luis P\u00e9rez Guti\u00e9rrez, fue invitado especial \u00a0\u201cdevelar los errores de construcci\u00f3n y las decisiones de riesgo que se han tomado por parte de la represa Hidroituango y EPM. En ese orden de ideas, el l\u00edder del \u2018Bol\u00edvar S\u00ed Avanza\u2019, destac\u00f3 que lo m\u00e1s importante es que \u201cla poblaci\u00f3n que tiene al r\u00edo como su n\u00facleo de trabajo, no se vea m\u00e1s afectada y que se vuelva a reactivar la econom\u00eda comunitaria especialmente en actividades relacionadas como por ejemplo la pesca, el cultivo de arroz y el taponamiento de los diques a causa de los bajos niveles\u201d.<\/p>\n<p><strong><u>\u00bfQu\u00e9 dice el gobernador Turbay?<\/u><\/strong><\/p>\n<p>En su intervenci\u00f3n en la audiencia p\u00fablica el mandatario regional de los bolivarenses, Dumek Turbay Paz, subray\u00f3 que su presencia obedece especialmente en representar a las comunidades campesinas rianas del departamento.<\/p>\n<p>\u201cLos habitantes de los municipios de la Mojana deben establecer un di\u00e1logo directo con los constructores ya que se va a convivir con el proyecto durante los pr\u00f3ximos a\u00f1os. El Estado Colombiano debe otorgarle mayor importancia al r\u00edo\u00a0Cauca y lo que se pueda generar en su afectaci\u00f3n ambiental. Es esencial que ellos conozcan de primera mano lo que realmente va a suceder en lo que respecta a la puesta en marcha de la hidroel\u00e9ctrica en menci\u00f3n. Hidroituango representa el 17 % de la energ\u00eda el\u00e9ctrica del pa\u00eds y en ese orden se convierte en un proyecto estrat\u00e9gico para el pa\u00eds\u201d, concluy\u00f3 el gobernante departamental.<\/p>\n<p><img loading=\"lazy\" decoding=\"async\" class=\"alignright size-medium wp-image-29151\" src=\"https:\/\/www.revistazetta.com\/wp-content\/uploads\/2019\/02\/Audiencia-P\u00fablica-Hidroituango-6.-300x200.jpg\" alt=\"\" width=\"300\" height=\"200\" srcset=\"https:\/\/revistazetta.com\/wp-content\/uploads\/2019\/02\/Audiencia-P\u00fablica-Hidroituango-6.-300x200.jpg 300w, https:\/\/revistazetta.com\/wp-content\/uploads\/2019\/02\/Audiencia-P\u00fablica-Hidroituango-6.-1024x683.jpg 1024w, https:\/\/revistazetta.com\/wp-content\/uploads\/2019\/02\/Audiencia-P\u00fablica-Hidroituango-6.-219x146.jpg 219w, https:\/\/revistazetta.com\/wp-content\/uploads\/2019\/02\/Audiencia-P\u00fablica-Hidroituango-6.-50x33.jpg 50w, https:\/\/revistazetta.com\/wp-content\/uploads\/2019\/02\/Audiencia-P\u00fablica-Hidroituango-6.-113x75.jpg 113w, https:\/\/revistazetta.com\/wp-content\/uploads\/2019\/02\/Audiencia-P\u00fablica-Hidroituango-6..jpg 1200w\" sizes=\"auto, (max-width: 300px) 100vw, 300px\" \/>Por su parte, Laura Cantillo, de la Red de Veedur\u00edas de la Mojana Bolivarense asegur\u00f3 que desde el 16 de enero de 2019 hay m\u00e1s de 30 mil hect\u00e1reas afectadas en la regi\u00f3n. \u201cEl taponamiento de los diques y las dificultades para adelantar actividades relacionadas a cultivos productivos, pesca y miner\u00eda artesanal es lo que se ha dado. Estas actividades se han visto bastante diezmadas. Es el derecho al agua el que se ha visto vulnerado para estas comunidades\u201d.<\/p>\n<p>En lo que representa para Bol\u00edvar y el impacto que se pueda dar teniendo como base lo expresado por el gobernador Turbay, los alcaldes y representes de comunidades, es que los pescadores y campesinos deben saber la verdad de los pormenores del funcionamiento de Hidroituango, como convivir con eso, reparar a poblaciones si es el caso y coadyuvar al desarrollo energ\u00e9tico de la Naci\u00f3n.<\/p>\n<p>De la Audiencia P\u00fablica de Vigilancia Preventiva de Hidroituango, participaron el contralor General de la Naci\u00f3n, Carlos Felipe C\u00f3rdoba; el gobernador de Antioquia, Luis P\u00e9rez Guti\u00e9rrez; el gobernador de Sucre, Edgar Mart\u00ednez; el alcalde de Medell\u00edn, Federico Guti\u00e9rrez, funcionarios p\u00fablicos de diversa orden, personal especializado y representantes de las comunidades afectadas.<\/p>\n","protected":false},"excerpt":{"rendered":"<p>Gobernador Turbay solicita dialogo directo [comunidades \u2013 constructores] y hace presencia en Audiencia de Vigilancia de Hidroituango La convocatoria efectuada por parte de la Procuradur\u00eda General de la Naci\u00f3n efectuada en el Paraninfo de la Universidad de Antioquia cont\u00f3 con la participaci\u00f3n de expertos en el tema, acad\u00e9micos y representantes de las comunidades afectadas. En lo que respecta a Bol\u00edvar, acompa\u00f1aron al primer mandatario seccional, una comisi\u00f3n de diputados de la Asamblea Departamental de Bol\u00edvar y los alcaldes de San Jacinto del Cauca, Ach\u00ed, Montecristo y Magangu\u00e9. El procurador General&#8230; <\/p>\n","protected":false},"author":3,"featured_media":29146,"comment_status":"open","ping_status":"closed","sticky":false,"template":"","format":"standard","meta":{"footnotes":"","_links_to":"","_links_to_target":""},"categories":[75,80],"tags":[],"class_list":["post-29145","post","type-post","status-publish","format-standard","has-post-thumbnail","hentry","category-destacada","category-region"],"_links":{"self":[{"href":"https:\/\/revistazetta.com\/index.php?rest_route=\/wp\/v2\/posts\/29145","targetHints":{"allow":["GET"]}}],"collection":[{"href":"https:\/\/revistazetta.com\/index.php?rest_route=\/wp\/v2\/posts"}],"about":[{"href":"https:\/\/revistazetta.com\/index.php?rest_route=\/wp\/v2\/types\/post"}],"author":[{"embeddable":true,"href":"https:\/\/revistazetta.com\/index.php?rest_route=\/wp\/v2\/users\/3"}],"replies":[{"embeddable":true,"href":"https:\/\/revistazetta.com\/index.php?rest_route=%2Fwp%2Fv2%2Fcomments&post=29145"}],"version-history":[{"count":0,"href":"https:\/\/revistazetta.com\/index.php?rest_route=\/wp\/v2\/posts\/29145\/revisions"}],"wp:featuredmedia":[{"embeddable":true,"href":"https:\/\/revistazetta.com\/index.php?rest_route=\/wp\/v2\/media\/29146"}],"wp:attachment":[{"href":"https:\/\/revistazetta.com\/index.php?rest_route=%2Fwp%2Fv2%2Fmedia&parent=29145"}],"wp:term":[{"taxonomy":"category","embeddable":true,"href":"https:\/\/revistazetta.com\/index.php?rest_route=%2Fwp%2Fv2%2Fcategories&post=29145"},{"taxonomy":"post_tag","embeddable":true,"href":"https:\/\/revistazetta.com\/index.php?rest_route=%2Fwp%2Fv2%2Ftags&post=29145"}],"curies":[{"name":"wp","href":"https:\/\/api.w.org\/{rel}","templated":true}]}}