{"id":29154,"date":"2019-02-27T22:16:26","date_gmt":"2019-02-28T03:16:26","guid":{"rendered":"http:\/\/www.revistazetta.com\/?p=29154"},"modified":"2019-02-27T22:16:26","modified_gmt":"2019-02-28T03:16:26","slug":"selina-convoca-musicos-cartagena-primera-batalla-las-bandas","status":"publish","type":"post","link":"https:\/\/revistazetta.com\/?p=29154","title":{"rendered":"Selina convoca a m\u00fasicos en Cartagena para primera \u00abBatalla de las Bandas\u00bb"},"content":{"rendered":"<p dir=\"ltr\">\u00a1Llamando a todas las bandas! Selina se prepara para su primera Batalla Musical a nivel mundial y convoca a todos los grupos musicales colombianos a participar. El 9 de marzo se llevar\u00e1 a cabo la Batalla Mundial de las Bandas donde las locaciones selectas de Selina en Colombia: en Bogot\u00e1 Selina Chapinero y Selina La Candelaria, Selina Cartagena y Selina Medell\u00edn ser\u00e1n parte del evento mundial en el que tocar\u00e1n de 3 a 5 \u00a0bandas por locaci\u00f3n el mismo d\u00eda en el que se lleva a cabo el evento simult\u00e1neamente en los Selinas del mundo, para participar por un incre\u00edble premio:<\/p>\n<p>&nbsp;<\/p>\n<ul>\n<li dir=\"ltr\">\n<p dir=\"ltr\">Una semana en el estudio musical de Selina Medell\u00edn para grabar la m\u00fasica con la que conquistaron al mundo de los n\u00f3madas digitales, con hospedaje, equipos t\u00e9cnicos y apoyo de los ingenieros del estudio incluidos.<\/p>\n<\/li>\n<li dir=\"ltr\">\n<p dir=\"ltr\">Encuentros con profesionales de la industria<\/p>\n<\/li>\n<li dir=\"ltr\">\n<p dir=\"ltr\">Un art\u00edculo destacado en Selina Magazine<\/p>\n<\/li>\n<li dir=\"ltr\">\n<p dir=\"ltr\">Una campa\u00f1a de redes sociales<\/p>\n<\/li>\n<li dir=\"ltr\">\n<p dir=\"ltr\">Tiempo al aire en nuestra estaci\u00f3n en R\u00edo de Janeiro Lapa 55 Radio; $1,000 d\u00f3lares para transporte; y m\u00e1s\u2026adem\u00e1s de ser tendencia mundial en los canales de musicales de Selina a nivel global (Spotify + apple music)<\/p>\n<\/li>\n<\/ul>\n<p>&nbsp;<\/p>\n<p dir=\"ltr\">Selina invita a todas las bandas y m\u00fasicos a participar en un showcase especial, los dos finalistas ser\u00e1n seleccionados por el panel de jurados de SIMS se lo llevar\u00e1n todo. Para inscribirse tienen que dirigirse a esta <a href=\"https:\/\/t.sidekickopen76.com\/s2t\/c\/5\/f18dQhb0S7lM8dDMPbW2n0x6l2B9nMJN7t5X-FdSD1CW8qSHzP64QS24TgnHQ6Z5Vqs103?t=https%3A%2F%2Fblog.selina.com%2Fcalling-all-bands%2F&amp;si=7000000000719455&amp;pi=58b33522-4520-4bc9-e4f9-04f463d26401\" target=\"_blank\" rel=\"noopener\" data-saferedirecturl=\"https:\/\/www.google.com\/url?q=https:\/\/t.sidekickopen76.com\/s2t\/c\/5\/f18dQhb0S7lM8dDMPbW2n0x6l2B9nMJN7t5X-FdSD1CW8qSHzP64QS24TgnHQ6Z5Vqs103?t%3Dhttps%253A%252F%252Fblog.selina.com%252Fcalling-all-bands%252F%26si%3D7000000000719455%26pi%3D58b33522-4520-4bc9-e4f9-04f463d26401&amp;source=gmail&amp;ust=1551408481561000&amp;usg=AFQjCNE_hSVvB--9LRL08kgg__kFZKfAbg\">pagina<\/a> ubicada en el landing page de <a href=\"https:\/\/www.selina.com\/\" target=\"_blank\" rel=\"noopener\" data-saferedirecturl=\"https:\/\/www.google.com\/url?q=https:\/\/www.selina.com&amp;source=gmail&amp;ust=1551408481561000&amp;usg=AFQjCNHE8fngQ6C6tfTLvSvXqVWhu8Cz5g\">www.selina.com<\/a>. El plazo de inscripciones va hasta el 28 de febrero, todos los requisitos, t\u00e9rminos y condiciones los encontrar\u00e1s all\u00ed.<\/p>\n","protected":false},"excerpt":{"rendered":"<p>\u00a1Llamando a todas las bandas! Selina se prepara para su primera Batalla Musical a nivel mundial y convoca a todos los grupos musicales colombianos a participar. El 9 de marzo se llevar\u00e1 a cabo la Batalla Mundial de las Bandas donde las locaciones selectas de Selina en Colombia: en Bogot\u00e1 Selina Chapinero y Selina La Candelaria, Selina Cartagena y Selina Medell\u00edn ser\u00e1n parte del evento mundial en el que tocar\u00e1n de 3 a 5 \u00a0bandas por locaci\u00f3n el mismo d\u00eda en el que se lleva a cabo el evento simult\u00e1neamente&#8230; <\/p>\n","protected":false},"author":3,"featured_media":29155,"comment_status":"open","ping_status":"closed","sticky":false,"template":"","format":"standard","meta":{"footnotes":"","_links_to":"","_links_to_target":""},"categories":[41,43],"tags":[],"class_list":["post-29154","post","type-post","status-publish","format-standard","has-post-thumbnail","hentry","category-cultura","category-cultura-musica"],"_links":{"self":[{"href":"https:\/\/revistazetta.com\/index.php?rest_route=\/wp\/v2\/posts\/29154","targetHints":{"allow":["GET"]}}],"collection":[{"href":"https:\/\/revistazetta.com\/index.php?rest_route=\/wp\/v2\/posts"}],"about":[{"href":"https:\/\/revistazetta.com\/index.php?rest_route=\/wp\/v2\/types\/post"}],"author":[{"embeddable":true,"href":"https:\/\/revistazetta.com\/index.php?rest_route=\/wp\/v2\/users\/3"}],"replies":[{"embeddable":true,"href":"https:\/\/revistazetta.com\/index.php?rest_route=%2Fwp%2Fv2%2Fcomments&post=29154"}],"version-history":[{"count":0,"href":"https:\/\/revistazetta.com\/index.php?rest_route=\/wp\/v2\/posts\/29154\/revisions"}],"wp:featuredmedia":[{"embeddable":true,"href":"https:\/\/revistazetta.com\/index.php?rest_route=\/wp\/v2\/media\/29155"}],"wp:attachment":[{"href":"https:\/\/revistazetta.com\/index.php?rest_route=%2Fwp%2Fv2%2Fmedia&parent=29154"}],"wp:term":[{"taxonomy":"category","embeddable":true,"href":"https:\/\/revistazetta.com\/index.php?rest_route=%2Fwp%2Fv2%2Fcategories&post=29154"},{"taxonomy":"post_tag","embeddable":true,"href":"https:\/\/revistazetta.com\/index.php?rest_route=%2Fwp%2Fv2%2Ftags&post=29154"}],"curies":[{"name":"wp","href":"https:\/\/api.w.org\/{rel}","templated":true}]}}