{"id":29158,"date":"2019-02-27T22:37:42","date_gmt":"2019-02-28T03:37:42","guid":{"rendered":"http:\/\/www.revistazetta.com\/?p=29158"},"modified":"2019-02-27T22:37:42","modified_gmt":"2019-02-28T03:37:42","slug":"la-cultura-cinematografica-cartagena-despues-del-internet","status":"publish","type":"post","link":"https:\/\/revistazetta.com\/?p=29158","title":{"rendered":"La cultura cinematogr\u00e1fica en Cartagena antes y despu\u00e9s del internet"},"content":{"rendered":"<p><b>\u00abLa cultura cinematogr\u00e1fica en Cartagena antes y despu\u00e9s del internet\u201d<\/b> es el t\u00edtulo del conversatorio que servir\u00e1 de plataforma para el lanzamiento de NIDO: la primera convenci\u00f3n de la Industria Audiovisual Colombiana que se realizar\u00e1 del 7 al 9 de marzo en el Centro de Convenciones de Cartagena en el marco de la versi\u00f3n 59 del FICCI.<\/p>\n<p>Este espacio de reflexi\u00f3n tendr\u00e1 lugar el pr\u00f3ximo jueves 28 de febrero a las 10:00 de la ma\u00f1ana en el sal\u00f3n <b>102 del Claustro La Merced<\/b> (al lado del teatro Adolfo Mej\u00eda) de la Universidad de Cartagena, alma mater aliada de la convenci\u00f3n que certificar\u00e1 el componente acad\u00e9mico que nos trae NIDO.<\/p>\n<p>\u00bfQu\u00e9 ocurri\u00f3 en la vida de los cartageneros tras la llegada del cine?, \u00bfQu\u00e9 marca un antes y un despu\u00e9s en la cultura cinematogr\u00e1fica de la ciudad?, \u00bfPara d\u00f3nde va la industria audiovisual tras la aparici\u00f3n de Netflix y otras plataformas digitales?, son algunas de las preguntas que plantea este conversatorio que ser\u00e1 moderado por la comunicadora social <b>Mercedes Posada Meola<\/b>, qui\u00e9n dirigi\u00f3 los programas de Comunicaci\u00f3n Social, Producci\u00f3n de Radio y Televisi\u00f3n y Publicidad en la Universidad Jorge Tadeo Lozano de Cartagena, coordin\u00f3 durante dos a\u00f1os el Concurso de Videos para Nuevos Creadores del FICCI y actualmente hace parte del equipo del Festival que organiza NIDO.<\/p>\n<p>Los panelistas que har\u00e1n parte de la discusi\u00f3n son:<br \/>\n<b>Ricardo Chica<\/b>, historiador de cine. Doctor en ciencias de la Educaci\u00f3n. Comunicador social. Realiz\u00f3 estudios cinematogr\u00e1ficos en la Escuela Internacional de Cine y TV de San Antonio de los Ba\u00f1os, Cuba. Docente del programa de Comunicaci\u00f3n Social de la Universidad de Cartagena. Director del grupo de Investigaci\u00f3n Cine, Cultura y Modernidad. Autor del libro \u201cCuando las negras de Chambac\u00fa se quer\u00edan parecer a Mar\u00eda F\u00e9lix\u201d, la \u00e9poca de oro del cine mexicano y su influencia en el p\u00fablico de Cartagena de Indias. Acaba de lanzar su libro \u201cSer pobre es cuesti\u00f3n de estilo\u201d.<\/p>\n<p><b>Alessandro Basile<\/b>, director y productor de cine y televisi\u00f3n. Fue ganador del Fondo para el Desarrollo Cinematogr\u00e1fico (FDC) en la categor\u00eda de pos producci\u00f3n (2005) con su \u00f3pera prima El cielo (2007). Dentro de su filmograf\u00eda se encuentran como director el mediometraje en 16mm Zapping, pel\u00edcula que obtuvo est\u00edmulo de pos producci\u00f3n del Ministerio de Cultura, premio de producci\u00f3n de la Cinemateca Distrital de Bogot\u00e1, Menci\u00f3n especial en el Festival de Cine de Bogot\u00e1, selecci\u00f3n oficial del Festival de Cine de Cartagena y fue nominada en el Festival de Cine de Vi\u00f1a del Mar; como productor ejecutivo realiz\u00f3 el cortometraje Historias menores de Daniel Mej\u00eda, ganador de la convocatoria de la Fundaci\u00f3n Gilberto Alzate Avenda\u00f1o.<\/p>\n<p><b>David Covo<\/b>, Cineasta. Director de Karmairi Producciones. Se form\u00f3 en la Escuela Internacional de Cine y TV de San Antonio de los Ba\u00f1os, Cuba. Especialista en Direcci\u00f3n Cinematogr\u00e1fica y egresado de la carrera \u201cProducci\u00f3n de Televisi\u00f3n y Fotograf\u00eda\u201d. Ha trabajado en el Festival Internacional de Cine de Cartagena como programador en segmentos como cine colombiano, competencia oficial de cortometraje, cine en los barrios entre otros. Tambi\u00e9n ha hecho parte de cine clubes, talleres de video comunitario en las islas del caribe, en barrios de sectores populares de Cartagena, en los Montes de Mar\u00eda, San Vicente del Cagu\u00e1n y Florencia en el Caquet\u00e1, en la alta Guajira en territorio Wayuu entre otros. Ha sido director de fotograf\u00eda y camar\u00f3grafo para medios nacionales e internacionales como Se\u00f1al Colombia, RCN, Canal Capital, Telecaribe, TV2France, Travel Channel y Fox Sports.<\/p>\n<p><b>Felipe Holgu\u00edn<\/b>, Ha trabajado como asistente de direcci\u00f3n, director de fotograf\u00eda y productor en varios cortometrajes, videos musicales y largometrajes. Despu\u00e9s de estudiar y trabajar en Bogot\u00e1, Sao Paulo y Nueva York, culmin\u00f3 su Maestr\u00eda en Direcci\u00f3n de Cine en la New York Film Academy en Los \u00c1ngeles (CA) en 2010. Actualmente es productor en Cumbia Film.<\/p>\n<p>En NIDO se dar\u00e1n cita grandes invitados de marcas reconocidas en la industria audiovisual como Netflix, Youtube, Warner Music Group, entre otras y adem\u00e1s contar\u00e1 con espacios de lanzamiento de proyectos audiovisuales, encuentro de productores, ruedas de negocios entre otras sorpresas. NIDO: Aqu\u00ed nace el futuro audiovisual colombiano.<\/p>\n","protected":false},"excerpt":{"rendered":"<p>\u00abLa cultura cinematogr\u00e1fica en Cartagena antes y despu\u00e9s del internet\u201d es el t\u00edtulo del conversatorio que servir\u00e1 de plataforma para el lanzamiento de NIDO: la primera convenci\u00f3n de la Industria Audiovisual Colombiana que se realizar\u00e1 del 7 al 9 de marzo en el Centro de Convenciones de Cartagena en el marco de la versi\u00f3n 59 del FICCI. Este espacio de reflexi\u00f3n tendr\u00e1 lugar el pr\u00f3ximo jueves 28 de febrero a las 10:00 de la ma\u00f1ana en el sal\u00f3n 102 del Claustro La Merced (al lado del teatro Adolfo Mej\u00eda) de&#8230; <\/p>\n","protected":false},"author":3,"featured_media":29159,"comment_status":"open","ping_status":"closed","sticky":false,"template":"","format":"standard","meta":{"footnotes":"","_links_to":"","_links_to_target":""},"categories":[41,60],"tags":[],"class_list":["post-29158","post","type-post","status-publish","format-standard","has-post-thumbnail","hentry","category-cultura","category-cine"],"_links":{"self":[{"href":"https:\/\/revistazetta.com\/index.php?rest_route=\/wp\/v2\/posts\/29158","targetHints":{"allow":["GET"]}}],"collection":[{"href":"https:\/\/revistazetta.com\/index.php?rest_route=\/wp\/v2\/posts"}],"about":[{"href":"https:\/\/revistazetta.com\/index.php?rest_route=\/wp\/v2\/types\/post"}],"author":[{"embeddable":true,"href":"https:\/\/revistazetta.com\/index.php?rest_route=\/wp\/v2\/users\/3"}],"replies":[{"embeddable":true,"href":"https:\/\/revistazetta.com\/index.php?rest_route=%2Fwp%2Fv2%2Fcomments&post=29158"}],"version-history":[{"count":0,"href":"https:\/\/revistazetta.com\/index.php?rest_route=\/wp\/v2\/posts\/29158\/revisions"}],"wp:featuredmedia":[{"embeddable":true,"href":"https:\/\/revistazetta.com\/index.php?rest_route=\/wp\/v2\/media\/29159"}],"wp:attachment":[{"href":"https:\/\/revistazetta.com\/index.php?rest_route=%2Fwp%2Fv2%2Fmedia&parent=29158"}],"wp:term":[{"taxonomy":"category","embeddable":true,"href":"https:\/\/revistazetta.com\/index.php?rest_route=%2Fwp%2Fv2%2Fcategories&post=29158"},{"taxonomy":"post_tag","embeddable":true,"href":"https:\/\/revistazetta.com\/index.php?rest_route=%2Fwp%2Fv2%2Ftags&post=29158"}],"curies":[{"name":"wp","href":"https:\/\/api.w.org\/{rel}","templated":true}]}}