{"id":29160,"date":"2019-02-28T04:44:07","date_gmt":"2019-02-28T09:44:07","guid":{"rendered":"http:\/\/www.revistazetta.com\/?p=29160"},"modified":"2019-02-28T04:44:07","modified_gmt":"2019-02-28T09:44:07","slug":"orbita-politica-john-zamora-jueves-28-febrero-2019","status":"publish","type":"post","link":"https:\/\/revistazetta.com\/?p=29160","title":{"rendered":"\u00d3rbita Pol\u00edtica de John Zamora &#8211; jueves 28 de febrero 2019"},"content":{"rendered":"<p><strong>Se \u201creventaron\u201d en el Sudeb<\/strong><\/p>\n<p>Poco tiempo dur\u00f3 la relativa calma en el Sudeb, tras el triunfo de Pedro Herrera en las elecciones pasadas, y que signific\u00f3 la inesperada derrota del eterno presidente Medardo Hern\u00e1ndez. Ahora le correspondi\u00f3 a Herrera denunciar que el MOIR \u2013sector que representa Medardo- boicote\u00f3 el Plenum Departamental.<\/p>\n<p>No obstante, de la otra orilla me dicen que ese es el m\u00e1ximo \u00f3rgano de direcci\u00f3n, y que all\u00ed s\u00ed tienen la mayor\u00eda y por eso Herrera no quiso exponerse a una derrota.<\/p>\n<p>En fin. La dial\u00e9ctica es buena, las diferencias son naturales, pero deben pensar en que hay mas motivos de uni\u00f3n, por ejemplo, luchar contra el Plan de Desarrollo de Duque&#8230;<\/p>\n<p>Alguien dijo: \u201cQu\u00e9 bueno que le pase a Pedro, para que sepa lo que sufre cada Secretario de Educaci\u00f3n con Medardo de contrario\u201d\u2026<\/p>\n<p>&nbsp;<\/p>\n<p><strong>Fajardo firma por Claudia<\/strong><\/p>\n<p>Sergio Fajardo tambi\u00e9n firmar\u00e1 por Claudia Fadul y as\u00ed lo hizo saber en un video donde expresa que \u201cCartagena necesita una trasformaci\u00f3n pol\u00edtica profunda. Lo que hemos visto en esa ciudad extraordinaria es la perversi\u00f3n de la pol\u00edtica\u201d. Agreg\u00f3 que tiene varios a\u00f1os trabajando con ella, recorriendo las calles de Cartagena, llevando el mensaje de la pol\u00edtica distinta, apuesta por el talento y lucha contra la corrupci\u00f3n. \u201cElla ser\u00eda la mejor persona para conducir a Cartagena, que merece una nueva oportunidad\u201d, puntualiz\u00f3 Fajardo.<\/p>\n<p>&nbsp;<\/p>\n<p><strong>Ejemplo y compromiso<\/strong><\/p>\n<p>Con el bluy\u00edn ra\u00eddo, botas pantaneras, una gorra y una camiseta de \u201cEcovales\u201d se le vio a la senadora Nadia Blel en una jornada de aseo en la ci\u00e9naga de la Virgen.<\/p>\n<p>La jefe conservadora est\u00e1 muy comprometida con la causa ambiental, y por ello ha sido la abanderada en el Congreso de la ley que busca eliminar el uso del asbesto en Colombia. Todo indica que en breve esa lucha saldr\u00e1 victoriosa\u2026<\/p>\n<p>No obstante, y con lo mal que tratamos a nuestros cuerpos de agua, llegar\u00e1 primer la ley contra el asbesto que la recuperaci\u00f3n de la tambi\u00e9n llamada \u201cCi\u00e9naga de Tesca\u201d.<\/p>\n<p>&nbsp;<\/p>\n","protected":false},"excerpt":{"rendered":"<p>Se \u201creventaron\u201d en el Sudeb Poco tiempo dur\u00f3 la relativa calma en el Sudeb, tras el triunfo de Pedro Herrera en las elecciones pasadas, y que signific\u00f3 la inesperada derrota del eterno presidente Medardo Hern\u00e1ndez. Ahora le correspondi\u00f3 a Herrera denunciar que el MOIR \u2013sector que representa Medardo- boicote\u00f3 el Plenum Departamental. No obstante, de la otra orilla me dicen que ese es el m\u00e1ximo \u00f3rgano de direcci\u00f3n, y que all\u00ed s\u00ed tienen la mayor\u00eda y por eso Herrera no quiso exponerse a una derrota. En fin. La dial\u00e9ctica es&#8230; <\/p>\n","protected":false},"author":3,"featured_media":29161,"comment_status":"open","ping_status":"closed","sticky":false,"template":"","format":"standard","meta":{"footnotes":"","_links_to":"","_links_to_target":""},"categories":[75,44,45],"tags":[],"class_list":["post-29160","post","type-post","status-publish","format-standard","has-post-thumbnail","hentry","category-destacada","category-materiagris","category-orbita"],"_links":{"self":[{"href":"https:\/\/revistazetta.com\/index.php?rest_route=\/wp\/v2\/posts\/29160","targetHints":{"allow":["GET"]}}],"collection":[{"href":"https:\/\/revistazetta.com\/index.php?rest_route=\/wp\/v2\/posts"}],"about":[{"href":"https:\/\/revistazetta.com\/index.php?rest_route=\/wp\/v2\/types\/post"}],"author":[{"embeddable":true,"href":"https:\/\/revistazetta.com\/index.php?rest_route=\/wp\/v2\/users\/3"}],"replies":[{"embeddable":true,"href":"https:\/\/revistazetta.com\/index.php?rest_route=%2Fwp%2Fv2%2Fcomments&post=29160"}],"version-history":[{"count":0,"href":"https:\/\/revistazetta.com\/index.php?rest_route=\/wp\/v2\/posts\/29160\/revisions"}],"wp:featuredmedia":[{"embeddable":true,"href":"https:\/\/revistazetta.com\/index.php?rest_route=\/wp\/v2\/media\/29161"}],"wp:attachment":[{"href":"https:\/\/revistazetta.com\/index.php?rest_route=%2Fwp%2Fv2%2Fmedia&parent=29160"}],"wp:term":[{"taxonomy":"category","embeddable":true,"href":"https:\/\/revistazetta.com\/index.php?rest_route=%2Fwp%2Fv2%2Fcategories&post=29160"},{"taxonomy":"post_tag","embeddable":true,"href":"https:\/\/revistazetta.com\/index.php?rest_route=%2Fwp%2Fv2%2Ftags&post=29160"}],"curies":[{"name":"wp","href":"https:\/\/api.w.org\/{rel}","templated":true}]}}