{"id":29220,"date":"2019-03-07T07:33:11","date_gmt":"2019-03-07T12:33:11","guid":{"rendered":"http:\/\/www.revistazetta.com\/?p=29220"},"modified":"2019-03-07T07:33:11","modified_gmt":"2019-03-07T12:33:11","slug":"fernando-araujo-perdomo-renuncio-al-partido-conservador","status":"publish","type":"post","link":"https:\/\/revistazetta.com\/?p=29220","title":{"rendered":"Fernando Ara\u00fajo Perdomo renunci\u00f3 al Partido Conservador"},"content":{"rendered":"<p>Fue Ministro de Desarrollo en el gobierno de Andr\u00e9s Pastrana y Canciller en el de \u00c1lvaro Uribe; adem\u00e1s directivo nacional y jefe de debate presidencial. Los d\u00edas de Fernando Ara\u00fajo Perdomo en el Partido Conservador llegaron a su final.<\/p>\n<p>El dirigente present\u00f3 renuncia a su militancia y as\u00ed dedicarse de lleno a la construcci\u00f3n de un proyecto independiente para llegar a la Alcald\u00eda de Cartagena.<\/p>\n<p>Por esa misma raz\u00f3n, tambi\u00e9n renunciar\u00e1 a su condici\u00f3n de miembro de la Junta Directiva de la C\u00e1mara de Comercio de Cartagena.<\/p>\n<p>Ara\u00fajo Perdomo est\u00e1 en los retoques finales de la estrategia pol\u00edtica para la conformaci\u00f3n de un movimiento independiente que recaudar\u00e1 firmas para avalar su aspiraci\u00f3n a la Alcald\u00eda, sin distingos pol\u00edticos y con car\u00e1cter incluyente, y que tendr\u00e1 como principal tarea la reducci\u00f3n de la pobreza extrema en la ciudad.<\/p>\n<p>En breve dar\u00e1 al servicio una sede administrativa, en la carrera 3\u00aa de Bocagrande, y sedes comunales en distintos barrios de Cartagena.<\/p>\n<p>El aspirante a la Alcald\u00eda le dijo a Revista Zetta que mantendr\u00e1 un cordial y cercano v\u00ednculo con la militancia conservadora, a la que invita a sumarse a este proyecto independiente, lo mismo que a la de Centro Democr\u00e1tico, donde su hijo Fernando Nicol\u00e1s Ara\u00fajo Rumi\u00e9 es senador. El car\u00e1cter incluyente que quiere imprimirle a su movimiento tambi\u00e9n le abre las puertas a todos los sectores pol\u00edticos, comunales, gremiales profesionales, deportivos, culturales, entre otros.<\/p>\n","protected":false},"excerpt":{"rendered":"<p>Fue Ministro de Desarrollo en el gobierno de Andr\u00e9s Pastrana y Canciller en el de \u00c1lvaro Uribe; adem\u00e1s directivo nacional y jefe de debate presidencial. Los d\u00edas de Fernando Ara\u00fajo Perdomo en el Partido Conservador llegaron a su final. El dirigente present\u00f3 renuncia a su militancia y as\u00ed dedicarse de lleno a la construcci\u00f3n de un proyecto independiente para llegar a la Alcald\u00eda de Cartagena. Por esa misma raz\u00f3n, tambi\u00e9n renunciar\u00e1 a su condici\u00f3n de miembro de la Junta Directiva de la C\u00e1mara de Comercio de Cartagena. Ara\u00fajo Perdomo est\u00e1&#8230; <\/p>\n","protected":false},"author":3,"featured_media":29221,"comment_status":"open","ping_status":"closed","sticky":false,"template":"","format":"standard","meta":{"footnotes":"","_links_to":"","_links_to_target":""},"categories":[75,4],"tags":[],"class_list":["post-29220","post","type-post","status-publish","format-standard","has-post-thumbnail","hentry","category-destacada","category-politica"],"_links":{"self":[{"href":"https:\/\/revistazetta.com\/index.php?rest_route=\/wp\/v2\/posts\/29220","targetHints":{"allow":["GET"]}}],"collection":[{"href":"https:\/\/revistazetta.com\/index.php?rest_route=\/wp\/v2\/posts"}],"about":[{"href":"https:\/\/revistazetta.com\/index.php?rest_route=\/wp\/v2\/types\/post"}],"author":[{"embeddable":true,"href":"https:\/\/revistazetta.com\/index.php?rest_route=\/wp\/v2\/users\/3"}],"replies":[{"embeddable":true,"href":"https:\/\/revistazetta.com\/index.php?rest_route=%2Fwp%2Fv2%2Fcomments&post=29220"}],"version-history":[{"count":0,"href":"https:\/\/revistazetta.com\/index.php?rest_route=\/wp\/v2\/posts\/29220\/revisions"}],"wp:featuredmedia":[{"embeddable":true,"href":"https:\/\/revistazetta.com\/index.php?rest_route=\/wp\/v2\/media\/29221"}],"wp:attachment":[{"href":"https:\/\/revistazetta.com\/index.php?rest_route=%2Fwp%2Fv2%2Fmedia&parent=29220"}],"wp:term":[{"taxonomy":"category","embeddable":true,"href":"https:\/\/revistazetta.com\/index.php?rest_route=%2Fwp%2Fv2%2Fcategories&post=29220"},{"taxonomy":"post_tag","embeddable":true,"href":"https:\/\/revistazetta.com\/index.php?rest_route=%2Fwp%2Fv2%2Ftags&post=29220"}],"curies":[{"name":"wp","href":"https:\/\/api.w.org\/{rel}","templated":true}]}}